{"id":5026,"date":"2024-10-15T18:39:59","date_gmt":"2024-10-15T16:39:59","guid":{"rendered":"https:\/\/www.campinglacdecarouge.fr\/2024\/10\/15\/camping-in-de-savoie\/"},"modified":"2024-10-15T22:13:47","modified_gmt":"2024-10-15T20:13:47","slug":"camping-in-de-savoie","status":"publish","type":"post","link":"https:\/\/www.campinglacdecarouge.fr\/nl\/actualites\/camping-in-de-savoie\/","title":{"rendered":"Camping in de Savoie"},"content":{"rendered":"\t\t<div data-elementor-type=\"wp-post\" data-elementor-id=\"5026\" class=\"elementor elementor-5026 elementor-5018\" data-elementor-post-type=\"post\">\n\t\t\t\t<div class=\"elementor-element elementor-element-2bdaf9b e-flex e-con-boxed e-con e-parent\" data-id=\"2bdaf9b\" data-element_type=\"container\" data-e-type=\"container\">\n\t\t\t\t\t<div class=\"e-con-inner\">\n\t\t\t\t<div class=\"elementor-element elementor-element-f3111fa elementor-widget elementor-widget-heading\" data-id=\"f3111fa\" data-element_type=\"widget\" data-e-type=\"widget\" data-widget_type=\"heading.default\">\n\t\t\t\t<div class=\"elementor-widget-container\">\n\t\t\t\t\t<h2 class=\"elementor-heading-title elementor-size-default\">Een goed gelegen camping in de Savoie.<\/h2>\t\t\t\t<\/div>\n\t\t\t\t<\/div>\n\t\t\t\t<div class=\"elementor-element elementor-element-11412ab elementor-widget elementor-widget-text-editor\" data-id=\"11412ab\" data-element_type=\"widget\" data-e-type=\"widget\" data-widget_type=\"text-editor.default\">\n\t\t\t\t<div class=\"elementor-widget-container\">\n\t\t\t\t\t\t\t\t\t<p>Onze camping ligt in de Savoie, op 23 kilometer van Chamb\u00e9ry en Albertville, in het hart van de Combe de Savoie. Het kost je minder dan een half uur om deze twee steden te bereiken. Je kunt een bezoek brengen aan de Place aux \u00c9l\u00e9phants en het mooie historische centrum van Chamb\u00e9ry, maar ook aan het Olympisch centrum van Albertville met het stadion waar de Olympische Spelen van 1992 werden gehouden, en aan de Place de l&#8217;Europe en de winkelstraten.  <\/p>\n\t\t\t\t\t\t\t\t<\/div>\n\t\t\t\t<\/div>\n\t\t\t\t\t<\/div>\n\t\t\t\t<\/div>\n\t\t<div class=\"elementor-element elementor-element-bbda935 e-flex e-con-boxed e-con e-parent\" data-id=\"bbda935\" data-element_type=\"container\" data-e-type=\"container\">\n\t\t\t\t\t<div class=\"e-con-inner\">\n\t\t\t\t<div class=\"elementor-element elementor-element-65e8e30 elementor-widget elementor-widget-image\" data-id=\"65e8e30\" data-element_type=\"widget\" data-e-type=\"widget\" data-widget_type=\"image.default\">\n\t\t\t\t<div class=\"elementor-widget-container\">\n\t\t\t\t\t\t\t\t\t\t\t\t\t\t\t<img fetchpriority=\"high\" decoding=\"async\" width=\"1024\" height=\"512\" src=\"https:\/\/www.campinglacdecarouge.fr\/wp-content\/uploads\/2024\/09\/1528813816-1-1024x512.jpeg\" class=\"attachment-large size-large wp-image-4444\" alt=\"Place des El\u00e9phants \u00e0 Chamb\u00e9ry en Savoie\" srcset=\"https:\/\/www.campinglacdecarouge.fr\/wp-content\/uploads\/2024\/09\/1528813816-1-1024x512.jpeg 1024w, https:\/\/www.campinglacdecarouge.fr\/wp-content\/uploads\/2024\/09\/1528813816-1-300x150.jpeg 300w, https:\/\/www.campinglacdecarouge.fr\/wp-content\/uploads\/2024\/09\/1528813816-1-768x384.jpeg 768w, https:\/\/www.campinglacdecarouge.fr\/wp-content\/uploads\/2024\/09\/1528813816-1.jpeg 1200w\" sizes=\"(max-width: 1024px) 100vw, 1024px\" \/>\t\t\t\t\t\t\t\t\t\t\t\t\t\t\t<\/div>\n\t\t\t\t<\/div>\n\t\t\t\t<div class=\"elementor-element elementor-element-70cffc2 elementor-widget elementor-widget-image\" data-id=\"70cffc2\" data-element_type=\"widget\" data-e-type=\"widget\" data-widget_type=\"image.default\">\n\t\t\t\t<div class=\"elementor-widget-container\">\n\t\t\t\t\t\t\t\t\t\t\t\t\t\t\t<img decoding=\"async\" width=\"1024\" height=\"512\" src=\"https:\/\/www.campinglacdecarouge.fr\/wp-content\/uploads\/2024\/09\/1528813854-1024x512.jpeg\" class=\"attachment-large size-large wp-image-4504\" alt=\"Vue A\u00e9rienne Combe de Savoie\" srcset=\"https:\/\/www.campinglacdecarouge.fr\/wp-content\/uploads\/2024\/09\/1528813854-1024x512.jpeg 1024w, https:\/\/www.campinglacdecarouge.fr\/wp-content\/uploads\/2024\/09\/1528813854-300x150.jpeg 300w, https:\/\/www.campinglacdecarouge.fr\/wp-content\/uploads\/2024\/09\/1528813854-768x384.jpeg 768w, https:\/\/www.campinglacdecarouge.fr\/wp-content\/uploads\/2024\/09\/1528813854.jpeg 1200w\" sizes=\"(max-width: 1024px) 100vw, 1024px\" \/>\t\t\t\t\t\t\t\t\t\t\t\t\t\t\t<\/div>\n\t\t\t\t<\/div>\n\t\t\t\t\t<\/div>\n\t\t\t\t<\/div>\n\t\t<div class=\"elementor-element elementor-element-a4f8d0f e-flex e-con-boxed e-con e-parent\" data-id=\"a4f8d0f\" data-element_type=\"container\" data-e-type=\"container\">\n\t\t\t\t\t<div class=\"e-con-inner\">\n\t\t\t\t<div class=\"elementor-element elementor-element-b1b2396 elementor-widget elementor-widget-heading\" data-id=\"b1b2396\" data-element_type=\"widget\" data-e-type=\"widget\" data-widget_type=\"heading.default\">\n\t\t\t\t<div class=\"elementor-widget-container\">\n\t\t\t\t\t<h3 class=\"elementor-heading-title elementor-size-default\">Een rustige en ontspannende camping...<\/h3>\t\t\t\t<\/div>\n\t\t\t\t<\/div>\n\t\t\t\t<div class=\"elementor-element elementor-element-d8bed9c elementor-widget elementor-widget-text-editor\" data-id=\"d8bed9c\" data-element_type=\"widget\" data-e-type=\"widget\" data-widget_type=\"text-editor.default\">\n\t\t\t\t<div class=\"elementor-widget-container\">\n\t\t\t\t\t\t\t\t\t<p>Gelegen aan de oevers van het meer van Carouge, naast de rivier de Is\u00e8re, bieden wij onze vakantiegangers een rustige plek voor hun gezinsvakantie in onze thuisregio Savoie. We zijn ideaal gelegen om niet alleen het departement Savoie te bezoeken, maar ook de hele regio Rh\u00f4ne-Alpes. Je bent ook heel dicht bij de steden Aix-les-Bains en Lac du Bourget, Annecy, Grenoble en, iets verder weg, Lyon.  <\/p>\n\t\t\t\t\t\t\t\t<\/div>\n\t\t\t\t<\/div>\n\t\t\t\t<div class=\"elementor-element elementor-element-39fbd8a elementor-widget elementor-widget-heading\" data-id=\"39fbd8a\" data-element_type=\"widget\" data-e-type=\"widget\" data-widget_type=\"heading.default\">\n\t\t\t\t<div class=\"elementor-widget-container\">\n\t\t\t\t\t<h3 class=\"elementor-heading-title elementor-size-default\">En er is genoeg te doen met het hele gezin!<\/h3>\t\t\t\t<\/div>\n\t\t\t\t<\/div>\n\t\t\t\t<div class=\"elementor-element elementor-element-020f93a elementor-widget elementor-widget-text-editor\" data-id=\"020f93a\" data-element_type=\"widget\" data-e-type=\"widget\" data-widget_type=\"text-editor.default\">\n\t\t\t\t<div class=\"elementor-widget-container\">\n\t\t\t\t\t\t\t\t\t<p>Savoie heeft een aantal fantastische visstekken. Talloze vissoorten zoals snoek, regenboogforel en meerforel bevolken onze meren en rivieren. Als je je visvergunning wilt kopen voordat je komt, kun je dat doen op de website van de federatie op dit adres.  <\/p>\n<p>Er zijn vele andere activiteiten mogelijk in Savoie: raften, canyoning, Via Ferrata, zwemmen in de vele meren in onze regio, paardrijden en paragliding zijn slechts enkele van de activiteiten die uw kampeervakantie in Savoie zullen opvrolijken.<\/p>\n<p>Wandelen blijft de populairste sportieve activiteit in de Savoie. Neem het hele gezin mee (zelfs jonge kinderen) en ontdek de weelderige landschappen en bergflora en -fauna. En wat is er mooier dan picknicken aan de oever van een rivier tegen de achtergrond van een bergketen?  <\/p>\n\t\t\t\t\t\t\t\t<\/div>\n\t\t\t\t<\/div>\n\t\t\t\t\t<\/div>\n\t\t\t\t<\/div>\n\t\t<div class=\"elementor-element elementor-element-fa61534 e-flex e-con-boxed e-con e-parent\" data-id=\"fa61534\" data-element_type=\"container\" data-e-type=\"container\">\n\t\t\t\t\t<div class=\"e-con-inner\">\n\t\t\t\t<div class=\"elementor-element elementor-element-6182d78 elementor-widget elementor-widget-image\" data-id=\"6182d78\" data-element_type=\"widget\" data-e-type=\"widget\" data-widget_type=\"image.default\">\n\t\t\t\t<div class=\"elementor-widget-container\">\n\t\t\t\t\t\t\t\t\t\t\t\t\t\t\t<img decoding=\"async\" width=\"1300\" height=\"600\" src=\"https:\/\/www.campinglacdecarouge.fr\/wp-content\/uploads\/2024\/09\/1539212314.jpeg\" class=\"attachment-2048x2048 size-2048x2048 wp-image-4480\" alt=\"Vue sur la place de l&#039;horloge \u00e0 Chamb\u00e9ry en Savoie\" srcset=\"https:\/\/www.campinglacdecarouge.fr\/wp-content\/uploads\/2024\/09\/1539212314.jpeg 1300w, https:\/\/www.campinglacdecarouge.fr\/wp-content\/uploads\/2024\/09\/1539212314-300x138.jpeg 300w, https:\/\/www.campinglacdecarouge.fr\/wp-content\/uploads\/2024\/09\/1539212314-1024x473.jpeg 1024w, https:\/\/www.campinglacdecarouge.fr\/wp-content\/uploads\/2024\/09\/1539212314-768x354.jpeg 768w\" sizes=\"(max-width: 1300px) 100vw, 1300px\" \/>\t\t\t\t\t\t\t\t\t\t\t\t\t\t\t<\/div>\n\t\t\t\t<\/div>\n\t\t\t\t<div class=\"elementor-element elementor-element-be99604 elementor-widget elementor-widget-image\" data-id=\"be99604\" data-element_type=\"widget\" data-e-type=\"widget\" data-widget_type=\"image.default\">\n\t\t\t\t<div class=\"elementor-widget-container\">\n\t\t\t\t\t\t\t\t\t\t\t\t\t\t\t<img loading=\"lazy\" decoding=\"async\" width=\"1024\" height=\"473\" src=\"https:\/\/www.campinglacdecarouge.fr\/wp-content\/uploads\/2024\/09\/1539212236-1024x473.jpeg\" class=\"attachment-large size-large wp-image-4456\" alt=\"Vue du Lac Saint Andr\u00e9 et des vignes en Combe de Savoie\" srcset=\"https:\/\/www.campinglacdecarouge.fr\/wp-content\/uploads\/2024\/09\/1539212236-1024x473.jpeg 1024w, https:\/\/www.campinglacdecarouge.fr\/wp-content\/uploads\/2024\/09\/1539212236-300x138.jpeg 300w, https:\/\/www.campinglacdecarouge.fr\/wp-content\/uploads\/2024\/09\/1539212236-768x354.jpeg 768w, https:\/\/www.campinglacdecarouge.fr\/wp-content\/uploads\/2024\/09\/1539212236.jpeg 1300w\" sizes=\"(max-width: 1024px) 100vw, 1024px\" \/>\t\t\t\t\t\t\t\t\t\t\t\t\t\t\t<\/div>\n\t\t\t\t<\/div>\n\t\t\t\t\t<\/div>\n\t\t\t\t<\/div>\n\t\t<div class=\"elementor-element elementor-element-338c7e7 e-flex e-con-boxed e-con e-parent\" data-id=\"338c7e7\" data-element_type=\"container\" data-e-type=\"container\">\n\t\t\t\t\t<div class=\"e-con-inner\">\n\t\t\t\t<div class=\"elementor-element elementor-element-ba7271d elementor-widget elementor-widget-heading\" data-id=\"ba7271d\" data-element_type=\"widget\" data-e-type=\"widget\" data-widget_type=\"heading.default\">\n\t\t\t\t<div class=\"elementor-widget-container\">\n\t\t\t\t\t<h3 class=\"elementor-heading-title elementor-size-default\">En genoeg plaatsen om te ontdekken...<\/h3>\t\t\t\t<\/div>\n\t\t\t\t<\/div>\n\t\t\t\t<div class=\"elementor-element elementor-element-5cf10aa elementor-widget elementor-widget-text-editor\" data-id=\"5cf10aa\" data-element_type=\"widget\" data-e-type=\"widget\" data-widget_type=\"text-editor.default\">\n\t\t\t\t<div class=\"elementor-widget-container\">\n\t\t\t\t\t\t\t\t\t<p>Je kunt ook historische plaatsen ontdekken zoals het kasteel van Miolans in Saint-Pierre-d&#8217;Albigny, de torens van Chignin, de kathedraal van Myans en de abdij van Hautecombe. Er zijn ook veel andere bezienswaardigheden in de buurt van de camping. Vraag er gewoon naar bij de receptie, en we helpen je graag verder.  <\/p>\n\t\t\t\t\t\t\t\t<\/div>\n\t\t\t\t<\/div>\n\t\t\t\t<div class=\"elementor-element elementor-element-8752dd8 elementor-widget elementor-widget-text-editor\" data-id=\"8752dd8\" data-element_type=\"widget\" data-e-type=\"widget\" data-widget_type=\"text-editor.default\">\n\t\t\t\t<div class=\"elementor-widget-container\">\n\t\t\t\t\t\t\t\t\t<p>Liefhebbers van bergen en prachtige landschappen kunnen hun hart ophalen aan de voet van het Bauges-massief en aan de ingang van de valleien van de Tarentaise en de Maurienne. Tot slot wacht het Mont Blanc-massief op je, met Chamonix op minder dan een uur en een kwartier van de camping. <\/p>\n<p>Bergliefhebbers kunnen hun hart ophalen: je bevindt je aan de voet van het Bauges-massief en aan de ingang van de valleien van de Tarentaise en de Maurienne. Tot slot wacht het Mont Blanc-massief op je in Chamonix, op minder dan anderhalf uur van de camping. <\/p>\n<p>Profiteer van het huren van een van onze chalets, Ecolodges of stacaravans in de Savoie om onze prachtige regio te bezoeken. Vergeet voor uw kampeervakantie niet onze ruime staanplaatsen te bekijken. <\/p>\n\t\t\t\t\t\t\t\t<\/div>\n\t\t\t\t<\/div>\n\t\t\t\t\t<\/div>\n\t\t\t\t<\/div>\n\t\t\t\t<\/div>\n\t\t","protected":false},"excerpt":{"rendered":"<p>Een zeer goed gelegen camping in de Savoie.<\/p>\n","protected":false},"author":2,"featured_media":3790,"comment_status":"closed","ping_status":"closed","sticky":false,"template":"","format":"standard","meta":{"footnotes":""},"categories":[9],"tags":[],"class_list":["post-5026","post","type-post","status-publish","format-standard","has-post-thumbnail","hentry","category-geen-onderdeel-van-een-categorie"],"blocksy_meta":[],"yoast_head":"<!-- This site is optimized with the Yoast SEO Premium plugin v27.2 (Yoast SEO v27.2) - https:\/\/yoast.com\/product\/yoast-seo-premium-wordpress\/ -->\n<title>Camping in de Savoie - Camping du Lac de Carouge<\/title>\n<meta name=\"robots\" content=\"index, follow, max-snippet:-1, max-image-preview:large, max-video-preview:-1\" \/>\n<link rel=\"canonical\" href=\"https:\/\/www.campinglacdecarouge.fr\/nl\/actualites\/camping-in-de-savoie\/\" \/>\n<meta property=\"og:locale\" content=\"nl_NL\" \/>\n<meta property=\"og:type\" content=\"article\" \/>\n<meta property=\"og:title\" content=\"Camping in de Savoie\" \/>\n<meta property=\"og:description\" content=\"Een zeer goed gelegen camping in de Savoie.\" \/>\n<meta property=\"og:url\" content=\"https:\/\/www.campinglacdecarouge.fr\/nl\/actualites\/camping-in-de-savoie\/\" \/>\n<meta property=\"og:site_name\" content=\"Camping du Lac de Carouge\" \/>\n<meta property=\"article:publisher\" content=\"https:\/\/www.facebook.com\/pagelacdecarouge\/\" \/>\n<meta property=\"article:published_time\" content=\"2024-10-15T16:39:59+00:00\" \/>\n<meta property=\"article:modified_time\" content=\"2024-10-15T20:13:47+00:00\" \/>\n<meta property=\"og:image\" content=\"https:\/\/www.campinglacdecarouge.fr\/wp-content\/uploads\/2024\/07\/20240624_110359-scaled.jpg\" \/>\n\t<meta property=\"og:image:width\" content=\"2560\" \/>\n\t<meta property=\"og:image:height\" content=\"1442\" \/>\n\t<meta property=\"og:image:type\" content=\"image\/jpeg\" \/>\n<meta name=\"author\" content=\"Yohann Rigollet\" \/>\n<meta name=\"twitter:card\" content=\"summary_large_image\" \/>\n<meta name=\"twitter:creator\" content=\"@lacdecarouge\" \/>\n<meta name=\"twitter:site\" content=\"@lacdecarouge\" \/>\n<meta name=\"twitter:label1\" content=\"Geschreven door\" \/>\n\t<meta name=\"twitter:data1\" content=\"Yohann Rigolet\" \/>\n\t<meta name=\"twitter:label2\" content=\"Geschatte leestijd\" \/>\n\t<meta name=\"twitter:data2\" content=\"2 minuten\" \/>\n<script type=\"application\/ld+json\" class=\"yoast-schema-graph\">{\"@context\":\"https:\/\/schema.org\",\"@graph\":[{\"@type\":\"Article\",\"@id\":\"https:\/\/www.campinglacdecarouge.fr\/nl\/actualites\/camping-in-de-savoie\/#article\",\"isPartOf\":{\"@id\":\"https:\/\/www.campinglacdecarouge.fr\/nl\/actualites\/camping-in-de-savoie\/\"},\"author\":{\"name\":\"Yohann Rigollet\",\"@id\":\"https:\/\/www.campinglacdecarouge.fr\/nl\/#\/schema\/person\/5a19e8e704009cc11416e1ffcb689be7\"},\"headline\":\"Camping in de Savoie\",\"datePublished\":\"2024-10-15T16:39:59+00:00\",\"dateModified\":\"2024-10-15T20:13:47+00:00\",\"mainEntityOfPage\":{\"@id\":\"https:\/\/www.campinglacdecarouge.fr\/nl\/actualites\/camping-in-de-savoie\/\"},\"wordCount\":481,\"publisher\":{\"@id\":\"https:\/\/www.campinglacdecarouge.fr\/nl\/#organization\"},\"image\":{\"@id\":\"https:\/\/www.campinglacdecarouge.fr\/nl\/actualites\/camping-in-de-savoie\/#primaryimage\"},\"thumbnailUrl\":\"https:\/\/www.campinglacdecarouge.fr\/wp-content\/uploads\/2024\/07\/20240624_110359-scaled.jpg\",\"articleSection\":[\"Geen onderdeel van een categorie\"],\"inLanguage\":\"nl-NL\"},{\"@type\":\"WebPage\",\"@id\":\"https:\/\/www.campinglacdecarouge.fr\/nl\/actualites\/camping-in-de-savoie\/\",\"url\":\"https:\/\/www.campinglacdecarouge.fr\/nl\/actualites\/camping-in-de-savoie\/\",\"name\":\"Camping in de Savoie - Camping du Lac de Carouge\",\"isPartOf\":{\"@id\":\"https:\/\/www.campinglacdecarouge.fr\/nl\/#website\"},\"primaryImageOfPage\":{\"@id\":\"https:\/\/www.campinglacdecarouge.fr\/nl\/actualites\/camping-in-de-savoie\/#primaryimage\"},\"image\":{\"@id\":\"https:\/\/www.campinglacdecarouge.fr\/nl\/actualites\/camping-in-de-savoie\/#primaryimage\"},\"thumbnailUrl\":\"https:\/\/www.campinglacdecarouge.fr\/wp-content\/uploads\/2024\/07\/20240624_110359-scaled.jpg\",\"datePublished\":\"2024-10-15T16:39:59+00:00\",\"dateModified\":\"2024-10-15T20:13:47+00:00\",\"breadcrumb\":{\"@id\":\"https:\/\/www.campinglacdecarouge.fr\/nl\/actualites\/camping-in-de-savoie\/#breadcrumb\"},\"inLanguage\":\"nl-NL\",\"potentialAction\":[{\"@type\":\"ReadAction\",\"target\":[\"https:\/\/www.campinglacdecarouge.fr\/nl\/actualites\/camping-in-de-savoie\/\"]}]},{\"@type\":\"ImageObject\",\"inLanguage\":\"nl-NL\",\"@id\":\"https:\/\/www.campinglacdecarouge.fr\/nl\/actualites\/camping-in-de-savoie\/#primaryimage\",\"url\":\"https:\/\/www.campinglacdecarouge.fr\/wp-content\/uploads\/2024\/07\/20240624_110359-scaled.jpg\",\"contentUrl\":\"https:\/\/www.campinglacdecarouge.fr\/wp-content\/uploads\/2024\/07\/20240624_110359-scaled.jpg\",\"width\":2560,\"height\":1442,\"caption\":\"Camping en Savoie\"},{\"@type\":\"BreadcrumbList\",\"@id\":\"https:\/\/www.campinglacdecarouge.fr\/nl\/actualites\/camping-in-de-savoie\/#breadcrumb\",\"itemListElement\":[{\"@type\":\"ListItem\",\"position\":1,\"name\":\"Accueil\",\"item\":\"https:\/\/www.campinglacdecarouge.fr\/nl\/startpagina-2\/\"},{\"@type\":\"ListItem\",\"position\":2,\"name\":\"Camping in de Savoie\"}]},{\"@type\":\"WebSite\",\"@id\":\"https:\/\/www.campinglacdecarouge.fr\/nl\/#website\",\"url\":\"https:\/\/www.campinglacdecarouge.fr\/nl\/\",\"name\":\"Camping du Lac de Carouge\",\"description\":\"Camping Lac de Carouge website in Savoie\",\"publisher\":{\"@id\":\"https:\/\/www.campinglacdecarouge.fr\/nl\/#organization\"},\"potentialAction\":[{\"@type\":\"SearchAction\",\"target\":{\"@type\":\"EntryPoint\",\"urlTemplate\":\"https:\/\/www.campinglacdecarouge.fr\/nl\/?s={search_term_string}\"},\"query-input\":{\"@type\":\"PropertyValueSpecification\",\"valueRequired\":true,\"valueName\":\"search_term_string\"}}],\"inLanguage\":\"nl-NL\"},{\"@type\":\"Organization\",\"@id\":\"https:\/\/www.campinglacdecarouge.fr\/nl\/#organization\",\"name\":\"Camping du Lac de Carouge\",\"url\":\"https:\/\/www.campinglacdecarouge.fr\/nl\/\",\"logo\":{\"@type\":\"ImageObject\",\"inLanguage\":\"nl-NL\",\"@id\":\"https:\/\/www.campinglacdecarouge.fr\/nl\/#\/schema\/logo\/image\/\",\"url\":\"https:\/\/www.campinglacdecarouge.fr\/wp-content\/uploads\/2024\/07\/logo-1.png\",\"contentUrl\":\"https:\/\/www.campinglacdecarouge.fr\/wp-content\/uploads\/2024\/07\/logo-1.png\",\"width\":530,\"height\":270,\"caption\":\"Camping du Lac de Carouge\"},\"image\":{\"@id\":\"https:\/\/www.campinglacdecarouge.fr\/nl\/#\/schema\/logo\/image\/\"},\"sameAs\":[\"https:\/\/www.facebook.com\/pagelacdecarouge\/\",\"https:\/\/x.com\/lacdecarouge\",\"https:\/\/www.instagram.com\/lacdecarouge\/\"],\"legalName\":\"SAS SELYV\",\"foundingDate\":\"2009-01-01\",\"numberOfEmployees\":{\"@type\":\"QuantitativeValue\",\"minValue\":\"1\",\"maxValue\":\"10\"},\"publishingPrinciples\":\"https:\/\/www.campinglacdecarouge.fr\/principes-editoriaux\/\",\"correctionsPolicy\":\"https:\/\/www.campinglacdecarouge.fr\/politique-de-correction-editoriale-camping-du-lac-de-carouge\/\",\"ethicsPolicy\":\"https:\/\/www.campinglacdecarouge.fr\/standards-de-comportement-camping-du-lac-de-carouge\/\",\"diversityPolicy\":\"https:\/\/www.campinglacdecarouge.fr\/politique-de-diversite-pour-le-contenu-editorial\/\"},{\"@type\":\"Person\",\"@id\":\"https:\/\/www.campinglacdecarouge.fr\/nl\/#\/schema\/person\/5a19e8e704009cc11416e1ffcb689be7\",\"name\":\"Yohann Rigollet\",\"image\":{\"@type\":\"ImageObject\",\"inLanguage\":\"nl-NL\",\"@id\":\"https:\/\/secure.gravatar.com\/avatar\/159d2c9ca15aeac02d9cefb209ec3c2da323a19c1bd197fc693537aeb27b0ba9?s=96&d=mm&r=g\",\"url\":\"https:\/\/secure.gravatar.com\/avatar\/159d2c9ca15aeac02d9cefb209ec3c2da323a19c1bd197fc693537aeb27b0ba9?s=96&d=mm&r=g\",\"contentUrl\":\"https:\/\/secure.gravatar.com\/avatar\/159d2c9ca15aeac02d9cefb209ec3c2da323a19c1bd197fc693537aeb27b0ba9?s=96&d=mm&r=g\",\"caption\":\"Yohann Rigollet\"},\"knowsLanguage\":[\"Anglais\",\"Fran\u00e7ais\",\"Allemand\"],\"url\":\"https:\/\/www.campinglacdecarouge.fr\/nl\/actualites\/author\/yohann\/\"}]}<\/script>\n<!-- \/ Yoast SEO Premium plugin. -->","yoast_head_json":{"title":"Camping in de Savoie - Camping du Lac de Carouge","robots":{"index":"index","follow":"follow","max-snippet":"max-snippet:-1","max-image-preview":"max-image-preview:large","max-video-preview":"max-video-preview:-1"},"canonical":"https:\/\/www.campinglacdecarouge.fr\/nl\/actualites\/camping-in-de-savoie\/","og_locale":"nl_NL","og_type":"article","og_title":"Camping in de Savoie","og_description":"Een zeer goed gelegen camping in de Savoie.","og_url":"https:\/\/www.campinglacdecarouge.fr\/nl\/actualites\/camping-in-de-savoie\/","og_site_name":"Camping du Lac de Carouge","article_publisher":"https:\/\/www.facebook.com\/pagelacdecarouge\/","article_published_time":"2024-10-15T16:39:59+00:00","article_modified_time":"2024-10-15T20:13:47+00:00","og_image":[{"width":2560,"height":1442,"url":"https:\/\/www.campinglacdecarouge.fr\/wp-content\/uploads\/2024\/07\/20240624_110359-scaled.jpg","type":"image\/jpeg"}],"author":"Yohann Rigollet","twitter_card":"summary_large_image","twitter_creator":"@lacdecarouge","twitter_site":"@lacdecarouge","twitter_misc":{"Geschreven door":"Yohann Rigolet","Geschatte leestijd":"2 minuten"},"schema":{"@context":"https:\/\/schema.org","@graph":[{"@type":"Article","@id":"https:\/\/www.campinglacdecarouge.fr\/nl\/actualites\/camping-in-de-savoie\/#article","isPartOf":{"@id":"https:\/\/www.campinglacdecarouge.fr\/nl\/actualites\/camping-in-de-savoie\/"},"author":{"name":"Yohann Rigollet","@id":"https:\/\/www.campinglacdecarouge.fr\/nl\/#\/schema\/person\/5a19e8e704009cc11416e1ffcb689be7"},"headline":"Camping in de Savoie","datePublished":"2024-10-15T16:39:59+00:00","dateModified":"2024-10-15T20:13:47+00:00","mainEntityOfPage":{"@id":"https:\/\/www.campinglacdecarouge.fr\/nl\/actualites\/camping-in-de-savoie\/"},"wordCount":481,"publisher":{"@id":"https:\/\/www.campinglacdecarouge.fr\/nl\/#organization"},"image":{"@id":"https:\/\/www.campinglacdecarouge.fr\/nl\/actualites\/camping-in-de-savoie\/#primaryimage"},"thumbnailUrl":"https:\/\/www.campinglacdecarouge.fr\/wp-content\/uploads\/2024\/07\/20240624_110359-scaled.jpg","articleSection":["Geen onderdeel van een categorie"],"inLanguage":"nl-NL"},{"@type":"WebPage","@id":"https:\/\/www.campinglacdecarouge.fr\/nl\/actualites\/camping-in-de-savoie\/","url":"https:\/\/www.campinglacdecarouge.fr\/nl\/actualites\/camping-in-de-savoie\/","name":"Camping in de Savoie - Camping du Lac de Carouge","isPartOf":{"@id":"https:\/\/www.campinglacdecarouge.fr\/nl\/#website"},"primaryImageOfPage":{"@id":"https:\/\/www.campinglacdecarouge.fr\/nl\/actualites\/camping-in-de-savoie\/#primaryimage"},"image":{"@id":"https:\/\/www.campinglacdecarouge.fr\/nl\/actualites\/camping-in-de-savoie\/#primaryimage"},"thumbnailUrl":"https:\/\/www.campinglacdecarouge.fr\/wp-content\/uploads\/2024\/07\/20240624_110359-scaled.jpg","datePublished":"2024-10-15T16:39:59+00:00","dateModified":"2024-10-15T20:13:47+00:00","breadcrumb":{"@id":"https:\/\/www.campinglacdecarouge.fr\/nl\/actualites\/camping-in-de-savoie\/#breadcrumb"},"inLanguage":"nl-NL","potentialAction":[{"@type":"ReadAction","target":["https:\/\/www.campinglacdecarouge.fr\/nl\/actualites\/camping-in-de-savoie\/"]}]},{"@type":"ImageObject","inLanguage":"nl-NL","@id":"https:\/\/www.campinglacdecarouge.fr\/nl\/actualites\/camping-in-de-savoie\/#primaryimage","url":"https:\/\/www.campinglacdecarouge.fr\/wp-content\/uploads\/2024\/07\/20240624_110359-scaled.jpg","contentUrl":"https:\/\/www.campinglacdecarouge.fr\/wp-content\/uploads\/2024\/07\/20240624_110359-scaled.jpg","width":2560,"height":1442,"caption":"Camping en Savoie"},{"@type":"BreadcrumbList","@id":"https:\/\/www.campinglacdecarouge.fr\/nl\/actualites\/camping-in-de-savoie\/#breadcrumb","itemListElement":[{"@type":"ListItem","position":1,"name":"Accueil","item":"https:\/\/www.campinglacdecarouge.fr\/nl\/startpagina-2\/"},{"@type":"ListItem","position":2,"name":"Camping in de Savoie"}]},{"@type":"WebSite","@id":"https:\/\/www.campinglacdecarouge.fr\/nl\/#website","url":"https:\/\/www.campinglacdecarouge.fr\/nl\/","name":"Camping du Lac de Carouge","description":"Camping Lac de Carouge website in Savoie","publisher":{"@id":"https:\/\/www.campinglacdecarouge.fr\/nl\/#organization"},"potentialAction":[{"@type":"SearchAction","target":{"@type":"EntryPoint","urlTemplate":"https:\/\/www.campinglacdecarouge.fr\/nl\/?s={search_term_string}"},"query-input":{"@type":"PropertyValueSpecification","valueRequired":true,"valueName":"search_term_string"}}],"inLanguage":"nl-NL"},{"@type":"Organization","@id":"https:\/\/www.campinglacdecarouge.fr\/nl\/#organization","name":"Camping du Lac de Carouge","url":"https:\/\/www.campinglacdecarouge.fr\/nl\/","logo":{"@type":"ImageObject","inLanguage":"nl-NL","@id":"https:\/\/www.campinglacdecarouge.fr\/nl\/#\/schema\/logo\/image\/","url":"https:\/\/www.campinglacdecarouge.fr\/wp-content\/uploads\/2024\/07\/logo-1.png","contentUrl":"https:\/\/www.campinglacdecarouge.fr\/wp-content\/uploads\/2024\/07\/logo-1.png","width":530,"height":270,"caption":"Camping du Lac de Carouge"},"image":{"@id":"https:\/\/www.campinglacdecarouge.fr\/nl\/#\/schema\/logo\/image\/"},"sameAs":["https:\/\/www.facebook.com\/pagelacdecarouge\/","https:\/\/x.com\/lacdecarouge","https:\/\/www.instagram.com\/lacdecarouge\/"],"legalName":"SAS SELYV","foundingDate":"2009-01-01","numberOfEmployees":{"@type":"QuantitativeValue","minValue":"1","maxValue":"10"},"publishingPrinciples":"https:\/\/www.campinglacdecarouge.fr\/principes-editoriaux\/","correctionsPolicy":"https:\/\/www.campinglacdecarouge.fr\/politique-de-correction-editoriale-camping-du-lac-de-carouge\/","ethicsPolicy":"https:\/\/www.campinglacdecarouge.fr\/standards-de-comportement-camping-du-lac-de-carouge\/","diversityPolicy":"https:\/\/www.campinglacdecarouge.fr\/politique-de-diversite-pour-le-contenu-editorial\/"},{"@type":"Person","@id":"https:\/\/www.campinglacdecarouge.fr\/nl\/#\/schema\/person\/5a19e8e704009cc11416e1ffcb689be7","name":"Yohann Rigollet","image":{"@type":"ImageObject","inLanguage":"nl-NL","@id":"https:\/\/secure.gravatar.com\/avatar\/159d2c9ca15aeac02d9cefb209ec3c2da323a19c1bd197fc693537aeb27b0ba9?s=96&d=mm&r=g","url":"https:\/\/secure.gravatar.com\/avatar\/159d2c9ca15aeac02d9cefb209ec3c2da323a19c1bd197fc693537aeb27b0ba9?s=96&d=mm&r=g","contentUrl":"https:\/\/secure.gravatar.com\/avatar\/159d2c9ca15aeac02d9cefb209ec3c2da323a19c1bd197fc693537aeb27b0ba9?s=96&d=mm&r=g","caption":"Yohann Rigollet"},"knowsLanguage":["Anglais","Fran\u00e7ais","Allemand"],"url":"https:\/\/www.campinglacdecarouge.fr\/nl\/actualites\/author\/yohann\/"}]}},"_links":{"self":[{"href":"https:\/\/www.campinglacdecarouge.fr\/nl\/wp-json\/wp\/v2\/posts\/5026","targetHints":{"allow":["GET"]}}],"collection":[{"href":"https:\/\/www.campinglacdecarouge.fr\/nl\/wp-json\/wp\/v2\/posts"}],"about":[{"href":"https:\/\/www.campinglacdecarouge.fr\/nl\/wp-json\/wp\/v2\/types\/post"}],"author":[{"embeddable":true,"href":"https:\/\/www.campinglacdecarouge.fr\/nl\/wp-json\/wp\/v2\/users\/2"}],"replies":[{"embeddable":true,"href":"https:\/\/www.campinglacdecarouge.fr\/nl\/wp-json\/wp\/v2\/comments?post=5026"}],"version-history":[{"count":0,"href":"https:\/\/www.campinglacdecarouge.fr\/nl\/wp-json\/wp\/v2\/posts\/5026\/revisions"}],"wp:featuredmedia":[{"embeddable":true,"href":"https:\/\/www.campinglacdecarouge.fr\/nl\/wp-json\/wp\/v2\/media\/3790"}],"wp:attachment":[{"href":"https:\/\/www.campinglacdecarouge.fr\/nl\/wp-json\/wp\/v2\/media?parent=5026"}],"wp:term":[{"taxonomy":"category","embeddable":true,"href":"https:\/\/www.campinglacdecarouge.fr\/nl\/wp-json\/wp\/v2\/categories?post=5026"},{"taxonomy":"post_tag","embeddable":true,"href":"https:\/\/www.campinglacdecarouge.fr\/nl\/wp-json\/wp\/v2\/tags?post=5026"}],"curies":[{"name":"wp","href":"https:\/\/api.w.org\/{rel}","templated":true}]}}