{"id":21002,"date":"2024-11-27T17:06:44","date_gmt":"2024-11-27T16:06:44","guid":{"rendered":"https:\/\/www.campinglacdecarouge.fr\/actualites\/campeggio-savoia-a-saint-pierre-dalbigny\/"},"modified":"2025-08-18T15:01:35","modified_gmt":"2025-08-18T13:01:35","slug":"campeggio-savoia-a-saint-pierre-dalbigny","status":"publish","type":"post","link":"https:\/\/www.campinglacdecarouge.fr\/it\/actualites\/campeggio-savoia-a-saint-pierre-dalbigny\/","title":{"rendered":"Campeggio Savoia a Saint Pierre d&#8217;Albigny"},"content":{"rendered":"\t\t<div data-elementor-type=\"wp-post\" data-elementor-id=\"21002\" class=\"elementor elementor-21002 elementor-11211\" data-elementor-post-type=\"post\">\n\t\t\t\t<div class=\"elementor-element elementor-element-c515e40 e-flex e-con-boxed e-con e-parent\" data-id=\"c515e40\" data-element_type=\"container\" data-e-type=\"container\">\n\t\t\t\t\t<div class=\"e-con-inner\">\n\t\t\t\t<div class=\"elementor-element elementor-element-dae18f5 elementor-widget elementor-widget-heading\" data-id=\"dae18f5\" data-element_type=\"widget\" data-e-type=\"widget\" data-widget_type=\"heading.default\">\n\t\t\t\t<div class=\"elementor-widget-container\">\n\t\t\t\t\t<h2 class=\"elementor-heading-title elementor-size-default\">Il nostro campeggio a Saint Pierre d'Albigny in Savoia<\/h2>\t\t\t\t<\/div>\n\t\t\t\t<\/div>\n\t\t\t\t<div class=\"elementor-element elementor-element-a753ff7 elementor-widget elementor-widget-text-editor\" data-id=\"a753ff7\" data-element_type=\"widget\" data-e-type=\"widget\" data-widget_type=\"text-editor.default\">\n\t\t\t\t<div class=\"elementor-widget-container\">\n\t\t\t\t\t\t\t\t\t<p>Il nostro <strong>campeggio in Savoia<\/strong> si trova in fondo <strong>alla citt\u00e0 di Saint Pierre d&#8217;Albigny.<\/strong> La citt\u00e0 di Saint Pierre d&#8217;Albigny, porta meridionale del <strong>Massiccio dei Bauges<\/strong> in <strong>Savoia<\/strong>, ha 3958 abitanti. Fa parte della comunit\u00e0 di comuni <strong>Coeur de Savoie<\/strong>, che comprende le citt\u00e0 di Montm\u00e9lian e La Rochette. <\/p>\t\t\t\t\t\t\t\t<\/div>\n\t\t\t\t<\/div>\n\t\t\t\t<div class=\"elementor-element elementor-element-9f10ba2 elementor-widget elementor-widget-text-editor\" data-id=\"9f10ba2\" data-element_type=\"widget\" data-e-type=\"widget\" data-widget_type=\"text-editor.default\">\n\t\t\t\t<div class=\"elementor-widget-container\">\n\t\t\t\t\t\t\t\t\t<p>Situata a met\u00e0 strada tra <strong>Albertville <\/strong>e <strong>Chamb\u00e9ry<\/strong>, si trova sui pendii soleggiati della catena montuosa dell&#8217;Arclusaz, cos\u00ec riconoscibile tra le colline della Savoia e la <strong>Combe de Savoie.<\/strong><\/p>\t\t\t\t\t\t\t\t<\/div>\n\t\t\t\t<\/div>\n\t\t\t\t<div class=\"elementor-element elementor-element-3c8bf94 elementor-widget elementor-widget-text-editor\" data-id=\"3c8bf94\" data-element_type=\"widget\" data-e-type=\"widget\" data-widget_type=\"text-editor.default\">\n\t\t\t\t<div class=\"elementor-widget-container\">\n\t\t\t\t\t\t\t\t\t<p>Saint Pierre d&#8217;Albigny \u00e8 una citt\u00e0 molto apprezzata dai suoi abitanti per il suo stile di vita e la sua posizione eccezionale. Si trova nel \u201cTriangolo d&#8217;oro\u201d della Savoia, vicino a Chamb\u00e9ry, Albertville e Grenoble. \u00c8 molto vicino ai vari centri urbani <strong>della regione Rodano-Alpi<\/strong>: 20 minuti da Chamb\u00e9ry, 30 da Albertville, 45 minuti da <strong>Grenoble<\/strong> e <strong>Annecy<\/strong> e 1 ora da <strong>Lyon<\/strong>. Questo lo rende una base ideale per visitare tutte le attrazioni turistiche della regione Rh\u00f4ne Alpes.   <\/p>\t\t\t\t\t\t\t\t<\/div>\n\t\t\t\t<\/div>\n\t\t\t\t\t<\/div>\n\t\t\t\t<\/div>\n\t\t<div class=\"elementor-element elementor-element-5f43a29 e-flex e-con-boxed e-con e-parent\" data-id=\"5f43a29\" data-element_type=\"container\" data-e-type=\"container\">\n\t\t\t\t\t<div class=\"e-con-inner\">\n\t\t\t\t<div class=\"elementor-element elementor-element-a475cfb elementor-widget elementor-widget-heading\" data-id=\"a475cfb\" data-element_type=\"widget\" data-e-type=\"widget\" data-widget_type=\"heading.default\">\n\t\t\t\t<div class=\"elementor-widget-container\">\n\t\t\t\t\t<h2 class=\"elementor-heading-title elementor-size-default\">Un patrimonio culturale e storico molto interessante<\/h2>\t\t\t\t<\/div>\n\t\t\t\t<\/div>\n\t\t\t\t<div class=\"elementor-element elementor-element-a63cceb elementor-widget elementor-widget-text-editor\" data-id=\"a63cceb\" data-element_type=\"widget\" data-e-type=\"widget\" data-widget_type=\"text-editor.default\">\n\t\t\t\t<div class=\"elementor-widget-container\">\n\t\t\t\t\t\t\t\t\t<p>La <strong>citt\u00e0 di Saint Pierre d&#8217;Albigny<\/strong> e la Combe de Savoie in generale vantano anche alcuni monumenti storici molto interessanti, tra cui il <strong>Castello di Miolans<\/strong>, che nel Medioevo ha protetto la Combe de Savoie da varie invasioni, le <strong>torri di Chignin<\/strong>, la <strong>Cattedrale di Myans<\/strong> e la sua vergine d&#8217;oro costruita dopo il crollo del <strong>Mont Granier<\/strong>, che ha \u201cmiracolosamente\u201d salvato il villaggio.<\/p>\t\t\t\t\t\t\t\t<\/div>\n\t\t\t\t<\/div>\n\t\t\t\t\t<\/div>\n\t\t\t\t<\/div>\n\t\t<div class=\"elementor-element elementor-element-5e658db e-flex e-con-boxed e-con e-parent\" data-id=\"5e658db\" data-element_type=\"container\" data-e-type=\"container\">\n\t\t\t\t\t<div class=\"e-con-inner\">\n\t\t\t\t<div class=\"elementor-element elementor-element-c770557 elementor-widget elementor-widget-heading\" data-id=\"c770557\" data-element_type=\"widget\" data-e-type=\"widget\" data-widget_type=\"heading.default\">\n\t\t\t\t<div class=\"elementor-widget-container\">\n\t\t\t\t\t<h2 class=\"elementor-heading-title elementor-size-default\">Il centro ricreativo di Saint-Pierre d'Albigny, molto frequentato dagli abitanti del luogo.<\/h2>\t\t\t\t<\/div>\n\t\t\t\t<\/div>\n\t\t\t\t<div class=\"elementor-element elementor-element-d9f0568 elementor-widget elementor-widget-text-editor\" data-id=\"d9f0568\" data-element_type=\"widget\" data-e-type=\"widget\" data-widget_type=\"text-editor.default\">\n\t\t\t\t<div class=\"elementor-widget-container\">\n\t\t\t\t\t\t\t\t\t<p>Il centro ricreativo, e quindi il campeggio, si trova a valle della citt\u00e0 di Saint-Pierre d&#8217;Albigny. Comprende il lago,<strong> premiato con la Bandiera Blu dal 2018 <\/strong>e <strong>rinomato anche per la pesca,<\/strong> e la spiaggia, dove troverete molte zone d&#8217;ombra <strong>e bagni sorvegliati in luglio e agosto<\/strong>. C&#8217;\u00e8 anche un ristorante e attivit\u00e0 che cambiano di anno in anno, come il <strong>noleggio di pedal\u00f2<\/strong> e <strong>paddle<\/strong>, <strong>boe<\/strong>&#8230; Troverete anche un&#8217;area giochi oltre a quella gi\u00e0 presente in campeggio.  <\/p>\t\t\t\t\t\t\t\t<\/div>\n\t\t\t\t<\/div>\n\t\t\t\t\t<\/div>\n\t\t\t\t<\/div>\n\t\t\t\t<\/div>\n\t\t","protected":false},"excerpt":{"rendered":"<p>Il nostro campeggio in Savoia si trova appena sotto la citt\u00e0 di Saint Pierre d&#8217;Albigny. La citt\u00e0 di Saint Pierre d&#8217;Albigny, porta meridionale del Massiccio dei Bauges in Savoia, ha 3958 abitanti. Fa parte della comunit\u00e0 di comuni Coeur de Savoie, che comprende le citt\u00e0 di Montm\u00e9lian e La Rochette.  <\/p>\n","protected":false},"author":2,"featured_media":0,"comment_status":"open","ping_status":"open","sticky":false,"template":"","format":"standard","meta":{"footnotes":""},"categories":[11],"tags":[],"class_list":["post-21002","post","type-post","status-publish","format-standard","hentry","category-non-categorizzato"],"blocksy_meta":[],"yoast_head":"<!-- This site is optimized with the Yoast SEO Premium plugin v27.2 (Yoast SEO v27.2) - https:\/\/yoast.com\/product\/yoast-seo-premium-wordpress\/ -->\n<title>Campeggio Savoia a Saint Pierre d&#039;Albigny - Camping du Lac de Carouge<\/title>\n<meta name=\"description\" content=\"Il nostro campeggio si trova in fondo al villaggio di St Pierre d&#039;Albigny, in Savoia, porta d&#039;accesso al Massiccio dei Bauges.\" \/>\n<meta name=\"robots\" content=\"index, follow, max-snippet:-1, max-image-preview:large, max-video-preview:-1\" \/>\n<link rel=\"canonical\" href=\"https:\/\/www.campinglacdecarouge.fr\/it\/actualites\/campeggio-savoia-a-saint-pierre-dalbigny\/\" \/>\n<meta property=\"og:locale\" content=\"it_IT\" \/>\n<meta property=\"og:type\" content=\"article\" \/>\n<meta property=\"og:title\" content=\"Campeggio Savoia a Saint Pierre d&#039;Albigny\" \/>\n<meta property=\"og:description\" content=\"Il nostro campeggio si trova in fondo al villaggio di St Pierre d&#039;Albigny, in Savoia, porta d&#039;accesso al Massiccio dei Bauges.\" \/>\n<meta property=\"og:url\" content=\"https:\/\/www.campinglacdecarouge.fr\/it\/actualites\/campeggio-savoia-a-saint-pierre-dalbigny\/\" \/>\n<meta property=\"og:site_name\" content=\"Camping du Lac de Carouge\" \/>\n<meta property=\"article:publisher\" content=\"https:\/\/www.facebook.com\/pagelacdecarouge\/\" \/>\n<meta property=\"article:published_time\" content=\"2024-11-27T16:06:44+00:00\" \/>\n<meta property=\"article:modified_time\" content=\"2025-08-18T13:01:35+00:00\" \/>\n<meta property=\"og:image\" content=\"https:\/\/www.campinglacdecarouge.fr\/wp-content\/uploads\/2024\/11\/20240624_105940-scaled.jpg\" \/>\n\t<meta property=\"og:image:width\" content=\"2560\" \/>\n\t<meta property=\"og:image:height\" content=\"1442\" \/>\n\t<meta property=\"og:image:type\" content=\"image\/jpeg\" \/>\n<meta name=\"author\" content=\"Yohann Rigollet\" \/>\n<meta name=\"twitter:card\" content=\"summary_large_image\" \/>\n<meta name=\"twitter:creator\" content=\"@lacdecarouge\" \/>\n<meta name=\"twitter:site\" content=\"@lacdecarouge\" \/>\n<meta name=\"twitter:label1\" content=\"Scritto da\" \/>\n\t<meta name=\"twitter:data1\" content=\"Yohann Rigolet\" \/>\n\t<meta name=\"twitter:label2\" content=\"Tempo di lettura stimato\" \/>\n\t<meta name=\"twitter:data2\" content=\"2 minuti\" \/>\n<script type=\"application\/ld+json\" class=\"yoast-schema-graph\">{\"@context\":\"https:\/\/schema.org\",\"@graph\":[{\"@type\":\"Article\",\"@id\":\"https:\/\/www.campinglacdecarouge.fr\/it\/actualites\/campeggio-savoia-a-saint-pierre-dalbigny\/#article\",\"isPartOf\":{\"@id\":\"https:\/\/www.campinglacdecarouge.fr\/it\/actualites\/campeggio-savoia-a-saint-pierre-dalbigny\/\"},\"author\":{\"name\":\"Yohann Rigollet\",\"@id\":\"https:\/\/www.campinglacdecarouge.fr\/it\/#\/schema\/person\/5a19e8e704009cc11416e1ffcb689be7\"},\"headline\":\"Campeggio Savoia a Saint Pierre d&#8217;Albigny\",\"datePublished\":\"2024-11-27T16:06:44+00:00\",\"dateModified\":\"2025-08-18T13:01:35+00:00\",\"mainEntityOfPage\":{\"@id\":\"https:\/\/www.campinglacdecarouge.fr\/it\/actualites\/campeggio-savoia-a-saint-pierre-dalbigny\/\"},\"wordCount\":344,\"commentCount\":0,\"publisher\":{\"@id\":\"https:\/\/www.campinglacdecarouge.fr\/it\/#organization\"},\"articleSection\":[\"Non categorizzato\"],\"inLanguage\":\"it-IT\",\"potentialAction\":[{\"@type\":\"CommentAction\",\"name\":\"Comment\",\"target\":[\"https:\/\/www.campinglacdecarouge.fr\/it\/actualites\/campeggio-savoia-a-saint-pierre-dalbigny\/#respond\"]}]},{\"@type\":\"WebPage\",\"@id\":\"https:\/\/www.campinglacdecarouge.fr\/it\/actualites\/campeggio-savoia-a-saint-pierre-dalbigny\/\",\"url\":\"https:\/\/www.campinglacdecarouge.fr\/it\/actualites\/campeggio-savoia-a-saint-pierre-dalbigny\/\",\"name\":\"Campeggio Savoia a Saint Pierre d'Albigny - Camping du Lac de Carouge\",\"isPartOf\":{\"@id\":\"https:\/\/www.campinglacdecarouge.fr\/it\/#website\"},\"datePublished\":\"2024-11-27T16:06:44+00:00\",\"dateModified\":\"2025-08-18T13:01:35+00:00\",\"description\":\"Il nostro campeggio si trova in fondo al villaggio di St Pierre d'Albigny, in Savoia, porta d'accesso al Massiccio dei Bauges.\",\"breadcrumb\":{\"@id\":\"https:\/\/www.campinglacdecarouge.fr\/it\/actualites\/campeggio-savoia-a-saint-pierre-dalbigny\/#breadcrumb\"},\"inLanguage\":\"it-IT\",\"potentialAction\":[{\"@type\":\"ReadAction\",\"target\":[\"https:\/\/www.campinglacdecarouge.fr\/it\/actualites\/campeggio-savoia-a-saint-pierre-dalbigny\/\"]}]},{\"@type\":\"BreadcrumbList\",\"@id\":\"https:\/\/www.campinglacdecarouge.fr\/it\/actualites\/campeggio-savoia-a-saint-pierre-dalbigny\/#breadcrumb\",\"itemListElement\":[{\"@type\":\"ListItem\",\"position\":1,\"name\":\"Accueil\",\"item\":\"https:\/\/www.campinglacdecarouge.fr\/it\/pagina-iniziale\/\"},{\"@type\":\"ListItem\",\"position\":2,\"name\":\"Campeggio Savoia a Saint Pierre d&rsquo;Albigny\"}]},{\"@type\":\"WebSite\",\"@id\":\"https:\/\/www.campinglacdecarouge.fr\/it\/#website\",\"url\":\"https:\/\/www.campinglacdecarouge.fr\/it\/\",\"name\":\"Camping du Lac de Carouge\",\"description\":\"Sito del campeggio Lac de Carouge in Savoia\",\"publisher\":{\"@id\":\"https:\/\/www.campinglacdecarouge.fr\/it\/#organization\"},\"potentialAction\":[{\"@type\":\"SearchAction\",\"target\":{\"@type\":\"EntryPoint\",\"urlTemplate\":\"https:\/\/www.campinglacdecarouge.fr\/it\/?s={search_term_string}\"},\"query-input\":{\"@type\":\"PropertyValueSpecification\",\"valueRequired\":true,\"valueName\":\"search_term_string\"}}],\"inLanguage\":\"it-IT\"},{\"@type\":\"Organization\",\"@id\":\"https:\/\/www.campinglacdecarouge.fr\/it\/#organization\",\"name\":\"Camping du Lac de Carouge\",\"url\":\"https:\/\/www.campinglacdecarouge.fr\/it\/\",\"logo\":{\"@type\":\"ImageObject\",\"inLanguage\":\"it-IT\",\"@id\":\"https:\/\/www.campinglacdecarouge.fr\/it\/#\/schema\/logo\/image\/\",\"url\":\"https:\/\/www.campinglacdecarouge.fr\/wp-content\/uploads\/2024\/07\/logo-1.png\",\"contentUrl\":\"https:\/\/www.campinglacdecarouge.fr\/wp-content\/uploads\/2024\/07\/logo-1.png\",\"width\":530,\"height\":270,\"caption\":\"Camping du Lac de Carouge\"},\"image\":{\"@id\":\"https:\/\/www.campinglacdecarouge.fr\/it\/#\/schema\/logo\/image\/\"},\"sameAs\":[\"https:\/\/www.facebook.com\/pagelacdecarouge\/\",\"https:\/\/x.com\/lacdecarouge\",\"https:\/\/www.instagram.com\/lacdecarouge\/\"],\"legalName\":\"SAS SELYV\",\"foundingDate\":\"2009-01-01\",\"numberOfEmployees\":{\"@type\":\"QuantitativeValue\",\"minValue\":\"1\",\"maxValue\":\"10\"},\"publishingPrinciples\":\"https:\/\/www.campinglacdecarouge.fr\/principes-editoriaux\/\",\"correctionsPolicy\":\"https:\/\/www.campinglacdecarouge.fr\/politique-de-correction-editoriale-camping-du-lac-de-carouge\/\",\"ethicsPolicy\":\"https:\/\/www.campinglacdecarouge.fr\/standards-de-comportement-camping-du-lac-de-carouge\/\",\"diversityPolicy\":\"https:\/\/www.campinglacdecarouge.fr\/politique-de-diversite-pour-le-contenu-editorial\/\"},{\"@type\":\"Person\",\"@id\":\"https:\/\/www.campinglacdecarouge.fr\/it\/#\/schema\/person\/5a19e8e704009cc11416e1ffcb689be7\",\"name\":\"Yohann Rigollet\",\"image\":{\"@type\":\"ImageObject\",\"inLanguage\":\"it-IT\",\"@id\":\"https:\/\/secure.gravatar.com\/avatar\/159d2c9ca15aeac02d9cefb209ec3c2da323a19c1bd197fc693537aeb27b0ba9?s=96&d=mm&r=g\",\"url\":\"https:\/\/secure.gravatar.com\/avatar\/159d2c9ca15aeac02d9cefb209ec3c2da323a19c1bd197fc693537aeb27b0ba9?s=96&d=mm&r=g\",\"contentUrl\":\"https:\/\/secure.gravatar.com\/avatar\/159d2c9ca15aeac02d9cefb209ec3c2da323a19c1bd197fc693537aeb27b0ba9?s=96&d=mm&r=g\",\"caption\":\"Yohann Rigollet\"},\"knowsLanguage\":[\"Anglais\",\"Fran\u00e7ais\",\"Allemand\"],\"url\":\"https:\/\/www.campinglacdecarouge.fr\/it\/actualites\/author\/yohann\/\"}]}<\/script>\n<!-- \/ Yoast SEO Premium plugin. -->","yoast_head_json":{"title":"Campeggio Savoia a Saint Pierre d'Albigny - Camping du Lac de Carouge","description":"Il nostro campeggio si trova in fondo al villaggio di St Pierre d'Albigny, in Savoia, porta d'accesso al Massiccio dei Bauges.","robots":{"index":"index","follow":"follow","max-snippet":"max-snippet:-1","max-image-preview":"max-image-preview:large","max-video-preview":"max-video-preview:-1"},"canonical":"https:\/\/www.campinglacdecarouge.fr\/it\/actualites\/campeggio-savoia-a-saint-pierre-dalbigny\/","og_locale":"it_IT","og_type":"article","og_title":"Campeggio Savoia a Saint Pierre d'Albigny","og_description":"Il nostro campeggio si trova in fondo al villaggio di St Pierre d'Albigny, in Savoia, porta d'accesso al Massiccio dei Bauges.","og_url":"https:\/\/www.campinglacdecarouge.fr\/it\/actualites\/campeggio-savoia-a-saint-pierre-dalbigny\/","og_site_name":"Camping du Lac de Carouge","article_publisher":"https:\/\/www.facebook.com\/pagelacdecarouge\/","article_published_time":"2024-11-27T16:06:44+00:00","article_modified_time":"2025-08-18T13:01:35+00:00","og_image":[{"width":2560,"height":1442,"url":"https:\/\/www.campinglacdecarouge.fr\/wp-content\/uploads\/2024\/11\/20240624_105940-scaled.jpg","type":"image\/jpeg"}],"author":"Yohann Rigollet","twitter_card":"summary_large_image","twitter_creator":"@lacdecarouge","twitter_site":"@lacdecarouge","twitter_misc":{"Scritto da":"Yohann Rigolet","Tempo di lettura stimato":"2 minuti"},"schema":{"@context":"https:\/\/schema.org","@graph":[{"@type":"Article","@id":"https:\/\/www.campinglacdecarouge.fr\/it\/actualites\/campeggio-savoia-a-saint-pierre-dalbigny\/#article","isPartOf":{"@id":"https:\/\/www.campinglacdecarouge.fr\/it\/actualites\/campeggio-savoia-a-saint-pierre-dalbigny\/"},"author":{"name":"Yohann Rigollet","@id":"https:\/\/www.campinglacdecarouge.fr\/it\/#\/schema\/person\/5a19e8e704009cc11416e1ffcb689be7"},"headline":"Campeggio Savoia a Saint Pierre d&#8217;Albigny","datePublished":"2024-11-27T16:06:44+00:00","dateModified":"2025-08-18T13:01:35+00:00","mainEntityOfPage":{"@id":"https:\/\/www.campinglacdecarouge.fr\/it\/actualites\/campeggio-savoia-a-saint-pierre-dalbigny\/"},"wordCount":344,"commentCount":0,"publisher":{"@id":"https:\/\/www.campinglacdecarouge.fr\/it\/#organization"},"articleSection":["Non categorizzato"],"inLanguage":"it-IT","potentialAction":[{"@type":"CommentAction","name":"Comment","target":["https:\/\/www.campinglacdecarouge.fr\/it\/actualites\/campeggio-savoia-a-saint-pierre-dalbigny\/#respond"]}]},{"@type":"WebPage","@id":"https:\/\/www.campinglacdecarouge.fr\/it\/actualites\/campeggio-savoia-a-saint-pierre-dalbigny\/","url":"https:\/\/www.campinglacdecarouge.fr\/it\/actualites\/campeggio-savoia-a-saint-pierre-dalbigny\/","name":"Campeggio Savoia a Saint Pierre d'Albigny - Camping du Lac de Carouge","isPartOf":{"@id":"https:\/\/www.campinglacdecarouge.fr\/it\/#website"},"datePublished":"2024-11-27T16:06:44+00:00","dateModified":"2025-08-18T13:01:35+00:00","description":"Il nostro campeggio si trova in fondo al villaggio di St Pierre d'Albigny, in Savoia, porta d'accesso al Massiccio dei Bauges.","breadcrumb":{"@id":"https:\/\/www.campinglacdecarouge.fr\/it\/actualites\/campeggio-savoia-a-saint-pierre-dalbigny\/#breadcrumb"},"inLanguage":"it-IT","potentialAction":[{"@type":"ReadAction","target":["https:\/\/www.campinglacdecarouge.fr\/it\/actualites\/campeggio-savoia-a-saint-pierre-dalbigny\/"]}]},{"@type":"BreadcrumbList","@id":"https:\/\/www.campinglacdecarouge.fr\/it\/actualites\/campeggio-savoia-a-saint-pierre-dalbigny\/#breadcrumb","itemListElement":[{"@type":"ListItem","position":1,"name":"Accueil","item":"https:\/\/www.campinglacdecarouge.fr\/it\/pagina-iniziale\/"},{"@type":"ListItem","position":2,"name":"Campeggio Savoia a Saint Pierre d&rsquo;Albigny"}]},{"@type":"WebSite","@id":"https:\/\/www.campinglacdecarouge.fr\/it\/#website","url":"https:\/\/www.campinglacdecarouge.fr\/it\/","name":"Camping du Lac de Carouge","description":"Sito del campeggio Lac de Carouge in Savoia","publisher":{"@id":"https:\/\/www.campinglacdecarouge.fr\/it\/#organization"},"potentialAction":[{"@type":"SearchAction","target":{"@type":"EntryPoint","urlTemplate":"https:\/\/www.campinglacdecarouge.fr\/it\/?s={search_term_string}"},"query-input":{"@type":"PropertyValueSpecification","valueRequired":true,"valueName":"search_term_string"}}],"inLanguage":"it-IT"},{"@type":"Organization","@id":"https:\/\/www.campinglacdecarouge.fr\/it\/#organization","name":"Camping du Lac de Carouge","url":"https:\/\/www.campinglacdecarouge.fr\/it\/","logo":{"@type":"ImageObject","inLanguage":"it-IT","@id":"https:\/\/www.campinglacdecarouge.fr\/it\/#\/schema\/logo\/image\/","url":"https:\/\/www.campinglacdecarouge.fr\/wp-content\/uploads\/2024\/07\/logo-1.png","contentUrl":"https:\/\/www.campinglacdecarouge.fr\/wp-content\/uploads\/2024\/07\/logo-1.png","width":530,"height":270,"caption":"Camping du Lac de Carouge"},"image":{"@id":"https:\/\/www.campinglacdecarouge.fr\/it\/#\/schema\/logo\/image\/"},"sameAs":["https:\/\/www.facebook.com\/pagelacdecarouge\/","https:\/\/x.com\/lacdecarouge","https:\/\/www.instagram.com\/lacdecarouge\/"],"legalName":"SAS SELYV","foundingDate":"2009-01-01","numberOfEmployees":{"@type":"QuantitativeValue","minValue":"1","maxValue":"10"},"publishingPrinciples":"https:\/\/www.campinglacdecarouge.fr\/principes-editoriaux\/","correctionsPolicy":"https:\/\/www.campinglacdecarouge.fr\/politique-de-correction-editoriale-camping-du-lac-de-carouge\/","ethicsPolicy":"https:\/\/www.campinglacdecarouge.fr\/standards-de-comportement-camping-du-lac-de-carouge\/","diversityPolicy":"https:\/\/www.campinglacdecarouge.fr\/politique-de-diversite-pour-le-contenu-editorial\/"},{"@type":"Person","@id":"https:\/\/www.campinglacdecarouge.fr\/it\/#\/schema\/person\/5a19e8e704009cc11416e1ffcb689be7","name":"Yohann Rigollet","image":{"@type":"ImageObject","inLanguage":"it-IT","@id":"https:\/\/secure.gravatar.com\/avatar\/159d2c9ca15aeac02d9cefb209ec3c2da323a19c1bd197fc693537aeb27b0ba9?s=96&d=mm&r=g","url":"https:\/\/secure.gravatar.com\/avatar\/159d2c9ca15aeac02d9cefb209ec3c2da323a19c1bd197fc693537aeb27b0ba9?s=96&d=mm&r=g","contentUrl":"https:\/\/secure.gravatar.com\/avatar\/159d2c9ca15aeac02d9cefb209ec3c2da323a19c1bd197fc693537aeb27b0ba9?s=96&d=mm&r=g","caption":"Yohann Rigollet"},"knowsLanguage":["Anglais","Fran\u00e7ais","Allemand"],"url":"https:\/\/www.campinglacdecarouge.fr\/it\/actualites\/author\/yohann\/"}]}},"_links":{"self":[{"href":"https:\/\/www.campinglacdecarouge.fr\/it\/wp-json\/wp\/v2\/posts\/21002","targetHints":{"allow":["GET"]}}],"collection":[{"href":"https:\/\/www.campinglacdecarouge.fr\/it\/wp-json\/wp\/v2\/posts"}],"about":[{"href":"https:\/\/www.campinglacdecarouge.fr\/it\/wp-json\/wp\/v2\/types\/post"}],"author":[{"embeddable":true,"href":"https:\/\/www.campinglacdecarouge.fr\/it\/wp-json\/wp\/v2\/users\/2"}],"replies":[{"embeddable":true,"href":"https:\/\/www.campinglacdecarouge.fr\/it\/wp-json\/wp\/v2\/comments?post=21002"}],"version-history":[{"count":1,"href":"https:\/\/www.campinglacdecarouge.fr\/it\/wp-json\/wp\/v2\/posts\/21002\/revisions"}],"predecessor-version":[{"id":54447,"href":"https:\/\/www.campinglacdecarouge.fr\/it\/wp-json\/wp\/v2\/posts\/21002\/revisions\/54447"}],"wp:attachment":[{"href":"https:\/\/www.campinglacdecarouge.fr\/it\/wp-json\/wp\/v2\/media?parent=21002"}],"wp:term":[{"taxonomy":"category","embeddable":true,"href":"https:\/\/www.campinglacdecarouge.fr\/it\/wp-json\/wp\/v2\/categories?post=21002"},{"taxonomy":"post_tag","embeddable":true,"href":"https:\/\/www.campinglacdecarouge.fr\/it\/wp-json\/wp\/v2\/tags?post=21002"}],"curies":[{"name":"wp","href":"https:\/\/api.w.org\/{rel}","templated":true}]}}