{"id":5060,"date":"2024-10-15T18:39:59","date_gmt":"2024-10-15T16:39:59","guid":{"rendered":"https:\/\/www.campinglacdecarouge.fr\/2024\/10\/15\/camping-en-savoie\/"},"modified":"2024-10-15T22:13:47","modified_gmt":"2024-10-15T20:13:47","slug":"camping-en-savoie","status":"publish","type":"post","link":"https:\/\/www.campinglacdecarouge.fr\/es\/actualites\/camping-en-savoie\/","title":{"rendered":"Camping en Savoie"},"content":{"rendered":"\t\t<div data-elementor-type=\"wp-post\" data-elementor-id=\"5060\" class=\"elementor elementor-5060 elementor-5018\" data-elementor-post-type=\"post\">\n\t\t\t\t<div class=\"elementor-element elementor-element-2bdaf9b e-flex e-con-boxed e-con e-parent\" data-id=\"2bdaf9b\" data-element_type=\"container\" data-e-type=\"container\">\n\t\t\t\t\t<div class=\"e-con-inner\">\n\t\t\t\t<div class=\"elementor-element elementor-element-f3111fa elementor-widget elementor-widget-heading\" data-id=\"f3111fa\" data-element_type=\"widget\" data-e-type=\"widget\" data-widget_type=\"heading.default\">\n\t\t\t\t<div class=\"elementor-widget-container\">\n\t\t\t\t\t<h2 class=\"elementor-heading-title elementor-size-default\">Un camping bien situado en Saboya.<\/h2>\t\t\t\t<\/div>\n\t\t\t\t<\/div>\n\t\t\t\t<div class=\"elementor-element elementor-element-11412ab elementor-widget elementor-widget-text-editor\" data-id=\"11412ab\" data-element_type=\"widget\" data-e-type=\"widget\" data-widget_type=\"text-editor.default\">\n\t\t\t\t<div class=\"elementor-widget-container\">\n\t\t\t\t\t\t\t\t\t<p>Nuestro camping est\u00e1 situado en Savoie, a 23 kil\u00f3metros de Chamb\u00e9ry y Albertville, en el coraz\u00f3n de la Combe de Savoie. Tardar\u00e1 menos de media hora en llegar a estas dos ciudades. Podr\u00e1 visitar la Place aux \u00c9l\u00e9phants y el precioso centro hist\u00f3rico de Chamb\u00e9ry, as\u00ed como el centro ol\u00edmpico de Albertville, con el estadio que alberg\u00f3 los Juegos Ol\u00edmpicos de 1992, y la Place de l&#8217;Europe y sus calles comerciales.  <\/p>\n\t\t\t\t\t\t\t\t<\/div>\n\t\t\t\t<\/div>\n\t\t\t\t\t<\/div>\n\t\t\t\t<\/div>\n\t\t<div class=\"elementor-element elementor-element-bbda935 e-flex e-con-boxed e-con e-parent\" data-id=\"bbda935\" data-element_type=\"container\" data-e-type=\"container\">\n\t\t\t\t\t<div class=\"e-con-inner\">\n\t\t\t\t<div class=\"elementor-element elementor-element-65e8e30 elementor-widget elementor-widget-image\" data-id=\"65e8e30\" data-element_type=\"widget\" data-e-type=\"widget\" data-widget_type=\"image.default\">\n\t\t\t\t<div class=\"elementor-widget-container\">\n\t\t\t\t\t\t\t\t\t\t\t\t\t\t\t<img fetchpriority=\"high\" decoding=\"async\" width=\"1024\" height=\"512\" src=\"https:\/\/www.campinglacdecarouge.fr\/wp-content\/uploads\/2024\/09\/1528813816-1-1024x512.jpeg\" class=\"attachment-large size-large wp-image-4448\" alt=\"Place des El\u00e9phants \u00e0 Chamb\u00e9ry en Savoie\" srcset=\"https:\/\/www.campinglacdecarouge.fr\/wp-content\/uploads\/2024\/09\/1528813816-1-1024x512.jpeg 1024w, https:\/\/www.campinglacdecarouge.fr\/wp-content\/uploads\/2024\/09\/1528813816-1-300x150.jpeg 300w, https:\/\/www.campinglacdecarouge.fr\/wp-content\/uploads\/2024\/09\/1528813816-1-768x384.jpeg 768w, https:\/\/www.campinglacdecarouge.fr\/wp-content\/uploads\/2024\/09\/1528813816-1.jpeg 1200w\" sizes=\"(max-width: 1024px) 100vw, 1024px\" \/>\t\t\t\t\t\t\t\t\t\t\t\t\t\t\t<\/div>\n\t\t\t\t<\/div>\n\t\t\t\t<div class=\"elementor-element elementor-element-70cffc2 elementor-widget elementor-widget-image\" data-id=\"70cffc2\" data-element_type=\"widget\" data-e-type=\"widget\" data-widget_type=\"image.default\">\n\t\t\t\t<div class=\"elementor-widget-container\">\n\t\t\t\t\t\t\t\t\t\t\t\t\t\t\t<img decoding=\"async\" width=\"1024\" height=\"512\" src=\"https:\/\/www.campinglacdecarouge.fr\/wp-content\/uploads\/2024\/09\/1528813854-1024x512.jpeg\" class=\"attachment-large size-large wp-image-4508\" alt=\"Vue A\u00e9rienne Combe de Savoie\" srcset=\"https:\/\/www.campinglacdecarouge.fr\/wp-content\/uploads\/2024\/09\/1528813854-1024x512.jpeg 1024w, https:\/\/www.campinglacdecarouge.fr\/wp-content\/uploads\/2024\/09\/1528813854-300x150.jpeg 300w, https:\/\/www.campinglacdecarouge.fr\/wp-content\/uploads\/2024\/09\/1528813854-768x384.jpeg 768w, https:\/\/www.campinglacdecarouge.fr\/wp-content\/uploads\/2024\/09\/1528813854.jpeg 1200w\" sizes=\"(max-width: 1024px) 100vw, 1024px\" \/>\t\t\t\t\t\t\t\t\t\t\t\t\t\t\t<\/div>\n\t\t\t\t<\/div>\n\t\t\t\t\t<\/div>\n\t\t\t\t<\/div>\n\t\t<div class=\"elementor-element elementor-element-a4f8d0f e-flex e-con-boxed e-con e-parent\" data-id=\"a4f8d0f\" data-element_type=\"container\" data-e-type=\"container\">\n\t\t\t\t\t<div class=\"e-con-inner\">\n\t\t\t\t<div class=\"elementor-element elementor-element-b1b2396 elementor-widget elementor-widget-heading\" data-id=\"b1b2396\" data-element_type=\"widget\" data-e-type=\"widget\" data-widget_type=\"heading.default\">\n\t\t\t\t<div class=\"elementor-widget-container\">\n\t\t\t\t\t<h3 class=\"elementor-heading-title elementor-size-default\">Un camping tranquilo y relajante...<\/h3>\t\t\t\t<\/div>\n\t\t\t\t<\/div>\n\t\t\t\t<div class=\"elementor-element elementor-element-d8bed9c elementor-widget elementor-widget-text-editor\" data-id=\"d8bed9c\" data-element_type=\"widget\" data-e-type=\"widget\" data-widget_type=\"text-editor.default\">\n\t\t\t\t<div class=\"elementor-widget-container\">\n\t\t\t\t\t\t\t\t\t<p>Situado a orillas del lago de Carouge, junto al r\u00edo Is\u00e8re, ofrecemos a nuestros veraneantes un lugar tranquilo para sus vacaciones familiares en nuestra regi\u00f3n natal de Saboya. Nuestra situaci\u00f3n es ideal para visitar no s\u00f3lo el departamento de Saboya, sino tambi\u00e9n toda la regi\u00f3n de R\u00f3dano-Alpes. Tambi\u00e9n estar\u00e1 muy cerca de las ciudades de Aix-les-Bains y Lac du Bourget, Annecy, Grenoble y, un poco m\u00e1s lejos, Lyon.  <\/p>\n\t\t\t\t\t\t\t\t<\/div>\n\t\t\t\t<\/div>\n\t\t\t\t<div class=\"elementor-element elementor-element-39fbd8a elementor-widget elementor-widget-heading\" data-id=\"39fbd8a\" data-element_type=\"widget\" data-e-type=\"widget\" data-widget_type=\"heading.default\">\n\t\t\t\t<div class=\"elementor-widget-container\">\n\t\t\t\t\t<h3 class=\"elementor-heading-title elementor-size-default\">Y no faltan actividades para toda la familia.<\/h3>\t\t\t\t<\/div>\n\t\t\t\t<\/div>\n\t\t\t\t<div class=\"elementor-element elementor-element-020f93a elementor-widget elementor-widget-text-editor\" data-id=\"020f93a\" data-element_type=\"widget\" data-e-type=\"widget\" data-widget_type=\"text-editor.default\">\n\t\t\t\t<div class=\"elementor-widget-container\">\n\t\t\t\t\t\t\t\t\t<p>Savoie cuenta con fabulosos lugares de pesca. Numerosas especies de peces como el lucio, la trucha arco iris y la trucha de lago pueblan nuestros lagos y r\u00edos. Si desea comprar su licencia de pesca antes de venir, puede hacerlo en el sitio web de la federaci\u00f3n, en esta direcci\u00f3n.  <\/p>\n<p>En Saboya se pueden practicar muchas otras actividades: rafting, barranquismo, v\u00edas ferratas, nataci\u00f3n en los numerosos lagos de nuestra regi\u00f3n, equitaci\u00f3n y parapente son algunas de las actividades que animar\u00e1n sus vacaciones de camping en Saboya.<\/p>\n<p>El senderismo sigue siendo la actividad deportiva m\u00e1s practicada en Saboya. Lleve a toda la familia (incluso a los ni\u00f1os peque\u00f1os) y descubra los suntuosos paisajes y la flora y fauna de monta\u00f1a. \u00bfY qu\u00e9 mejor que hacer un picnic a orillas de un r\u00edo con el tel\u00f3n de fondo de una cadena monta\u00f1osa?  <\/p>\n\t\t\t\t\t\t\t\t<\/div>\n\t\t\t\t<\/div>\n\t\t\t\t\t<\/div>\n\t\t\t\t<\/div>\n\t\t<div class=\"elementor-element elementor-element-fa61534 e-flex e-con-boxed e-con e-parent\" data-id=\"fa61534\" data-element_type=\"container\" data-e-type=\"container\">\n\t\t\t\t\t<div class=\"e-con-inner\">\n\t\t\t\t<div class=\"elementor-element elementor-element-6182d78 elementor-widget elementor-widget-image\" data-id=\"6182d78\" data-element_type=\"widget\" data-e-type=\"widget\" data-widget_type=\"image.default\">\n\t\t\t\t<div class=\"elementor-widget-container\">\n\t\t\t\t\t\t\t\t\t\t\t\t\t\t\t<img decoding=\"async\" width=\"1300\" height=\"600\" src=\"https:\/\/www.campinglacdecarouge.fr\/wp-content\/uploads\/2024\/09\/1539212314.jpeg\" class=\"attachment-2048x2048 size-2048x2048 wp-image-4484\" alt=\"Vue sur la place de l&#039;horloge \u00e0 Chamb\u00e9ry en Savoie\" srcset=\"https:\/\/www.campinglacdecarouge.fr\/wp-content\/uploads\/2024\/09\/1539212314.jpeg 1300w, https:\/\/www.campinglacdecarouge.fr\/wp-content\/uploads\/2024\/09\/1539212314-300x138.jpeg 300w, https:\/\/www.campinglacdecarouge.fr\/wp-content\/uploads\/2024\/09\/1539212314-1024x473.jpeg 1024w, https:\/\/www.campinglacdecarouge.fr\/wp-content\/uploads\/2024\/09\/1539212314-768x354.jpeg 768w\" sizes=\"(max-width: 1300px) 100vw, 1300px\" \/>\t\t\t\t\t\t\t\t\t\t\t\t\t\t\t<\/div>\n\t\t\t\t<\/div>\n\t\t\t\t<div class=\"elementor-element elementor-element-be99604 elementor-widget elementor-widget-image\" data-id=\"be99604\" data-element_type=\"widget\" data-e-type=\"widget\" data-widget_type=\"image.default\">\n\t\t\t\t<div class=\"elementor-widget-container\">\n\t\t\t\t\t\t\t\t\t\t\t\t\t\t\t<img loading=\"lazy\" decoding=\"async\" width=\"1024\" height=\"473\" src=\"https:\/\/www.campinglacdecarouge.fr\/wp-content\/uploads\/2024\/09\/1539212236-1024x473.jpeg\" class=\"attachment-large size-large wp-image-4460\" alt=\"Vue du Lac Saint Andr\u00e9 et des vignes en Combe de Savoie\" srcset=\"https:\/\/www.campinglacdecarouge.fr\/wp-content\/uploads\/2024\/09\/1539212236-1024x473.jpeg 1024w, https:\/\/www.campinglacdecarouge.fr\/wp-content\/uploads\/2024\/09\/1539212236-300x138.jpeg 300w, https:\/\/www.campinglacdecarouge.fr\/wp-content\/uploads\/2024\/09\/1539212236-768x354.jpeg 768w, https:\/\/www.campinglacdecarouge.fr\/wp-content\/uploads\/2024\/09\/1539212236.jpeg 1300w\" sizes=\"(max-width: 1024px) 100vw, 1024px\" \/>\t\t\t\t\t\t\t\t\t\t\t\t\t\t\t<\/div>\n\t\t\t\t<\/div>\n\t\t\t\t\t<\/div>\n\t\t\t\t<\/div>\n\t\t<div class=\"elementor-element elementor-element-338c7e7 e-flex e-con-boxed e-con e-parent\" data-id=\"338c7e7\" data-element_type=\"container\" data-e-type=\"container\">\n\t\t\t\t\t<div class=\"e-con-inner\">\n\t\t\t\t<div class=\"elementor-element elementor-element-ba7271d elementor-widget elementor-widget-heading\" data-id=\"ba7271d\" data-element_type=\"widget\" data-e-type=\"widget\" data-widget_type=\"heading.default\">\n\t\t\t\t<div class=\"elementor-widget-container\">\n\t\t\t\t\t<h3 class=\"elementor-heading-title elementor-size-default\">Y muchos lugares por descubrir...<\/h3>\t\t\t\t<\/div>\n\t\t\t\t<\/div>\n\t\t\t\t<div class=\"elementor-element elementor-element-5cf10aa elementor-widget elementor-widget-text-editor\" data-id=\"5cf10aa\" data-element_type=\"widget\" data-e-type=\"widget\" data-widget_type=\"text-editor.default\">\n\t\t\t\t<div class=\"elementor-widget-container\">\n\t\t\t\t\t\t\t\t\t<p>Tambi\u00e9n podr\u00e1 descubrir lugares hist\u00f3ricos como el castillo de Miolans en Saint-Pierre-d&#8217;Albigny, las torres de Chignin, la catedral de Myans o la abad\u00eda de Hautecombe. Tambi\u00e9n hay muchos otros lugares que visitar en los alrededores del camping. Pregunte en recepci\u00f3n y estaremos encantados de ayudarle.  <\/p>\n\t\t\t\t\t\t\t\t<\/div>\n\t\t\t\t<\/div>\n\t\t\t\t<div class=\"elementor-element elementor-element-8752dd8 elementor-widget elementor-widget-text-editor\" data-id=\"8752dd8\" data-element_type=\"widget\" data-e-type=\"widget\" data-widget_type=\"text-editor.default\">\n\t\t\t\t<div class=\"elementor-widget-container\">\n\t\t\t\t\t\t\t\t\t<p>Para los amantes de la monta\u00f1a y los magn\u00edficos paisajes, se encontrar\u00e1 a los pies del macizo de Bauges y a la entrada de los valles de Tarentaise y Maurienne. Por \u00faltimo, le espera el macizo del Mont Blanc, con Chamonix a menos de una hora y cuarto del camping. <\/p>\n<p>Los amantes de la monta\u00f1a estar\u00e1n encantados: estar\u00e1 a los pies del macizo de Bauges y a la entrada de los valles Tarentaise y Maurienne. Por \u00faltimo, el macizo del Mont Blanc le espera en Chamonix, a menos de hora y media del camping. <\/p>\n<p>Aproveche el alquiler de uno de nuestros chalets, Ecolodges o mobil homes en Saboya para visitar nuestra hermosa regi\u00f3n. Para sus vacaciones en camping, no olvide echar un vistazo a nuestras amplias parcelas. <\/p>\n\t\t\t\t\t\t\t\t<\/div>\n\t\t\t\t<\/div>\n\t\t\t\t\t<\/div>\n\t\t\t\t<\/div>\n\t\t\t\t<\/div>\n\t\t","protected":false},"excerpt":{"rendered":"<p>Bonito camping en Saboya entre Chamb\u00e9ry y Albertville<\/p>\n","protected":false},"author":2,"featured_media":3794,"comment_status":"closed","ping_status":"closed","sticky":false,"template":"","format":"standard","meta":{"footnotes":""},"categories":[12],"tags":[],"class_list":["post-5060","post","type-post","status-publish","format-standard","has-post-thumbnail","hentry","category-sin-categorizar"],"blocksy_meta":[],"yoast_head":"<!-- This site is optimized with the Yoast SEO Premium plugin v27.2 (Yoast SEO v27.2) - https:\/\/yoast.com\/product\/yoast-seo-premium-wordpress\/ -->\n<title>Camping en Savoie - Camping du Lac de Carouge<\/title>\n<meta name=\"robots\" content=\"index, follow, max-snippet:-1, max-image-preview:large, max-video-preview:-1\" \/>\n<link rel=\"canonical\" href=\"https:\/\/www.campinglacdecarouge.fr\/es\/actualites\/camping-en-savoie\/\" \/>\n<meta property=\"og:locale\" content=\"es_ES\" \/>\n<meta property=\"og:type\" content=\"article\" \/>\n<meta property=\"og:title\" content=\"Camping en Savoie\" \/>\n<meta property=\"og:description\" content=\"Bonito camping en Saboya entre Chamb\u00e9ry y Albertville\" \/>\n<meta property=\"og:url\" content=\"https:\/\/www.campinglacdecarouge.fr\/es\/actualites\/camping-en-savoie\/\" \/>\n<meta property=\"og:site_name\" content=\"Camping du Lac de Carouge\" \/>\n<meta property=\"article:publisher\" content=\"https:\/\/www.facebook.com\/pagelacdecarouge\/\" \/>\n<meta property=\"article:published_time\" content=\"2024-10-15T16:39:59+00:00\" \/>\n<meta property=\"article:modified_time\" content=\"2024-10-15T20:13:47+00:00\" \/>\n<meta property=\"og:image\" content=\"https:\/\/www.campinglacdecarouge.fr\/wp-content\/uploads\/2024\/07\/20240624_110359-scaled.jpg\" \/>\n\t<meta property=\"og:image:width\" content=\"2560\" \/>\n\t<meta property=\"og:image:height\" content=\"1442\" \/>\n\t<meta property=\"og:image:type\" content=\"image\/jpeg\" \/>\n<meta name=\"author\" content=\"Yohann Rigollet\" \/>\n<meta name=\"twitter:card\" content=\"summary_large_image\" \/>\n<meta name=\"twitter:creator\" content=\"@lacdecarouge\" \/>\n<meta name=\"twitter:site\" content=\"@lacdecarouge\" \/>\n<meta name=\"twitter:label1\" content=\"Escrito por\" \/>\n\t<meta name=\"twitter:data1\" content=\"Yohann Rigolet\" \/>\n\t<meta name=\"twitter:label2\" content=\"Tiempo de lectura\" \/>\n\t<meta name=\"twitter:data2\" content=\"3 minutos\" \/>\n<script type=\"application\/ld+json\" class=\"yoast-schema-graph\">{\"@context\":\"https:\/\/schema.org\",\"@graph\":[{\"@type\":\"Article\",\"@id\":\"https:\/\/www.campinglacdecarouge.fr\/es\/actualites\/camping-en-savoie\/#article\",\"isPartOf\":{\"@id\":\"https:\/\/www.campinglacdecarouge.fr\/es\/actualites\/camping-en-savoie\/\"},\"author\":{\"name\":\"Yohann Rigollet\",\"@id\":\"https:\/\/www.campinglacdecarouge.fr\/es\/#\/schema\/person\/5a19e8e704009cc11416e1ffcb689be7\"},\"headline\":\"Camping en Savoie\",\"datePublished\":\"2024-10-15T16:39:59+00:00\",\"dateModified\":\"2024-10-15T20:13:47+00:00\",\"mainEntityOfPage\":{\"@id\":\"https:\/\/www.campinglacdecarouge.fr\/es\/actualites\/camping-en-savoie\/\"},\"wordCount\":521,\"publisher\":{\"@id\":\"https:\/\/www.campinglacdecarouge.fr\/es\/#organization\"},\"image\":{\"@id\":\"https:\/\/www.campinglacdecarouge.fr\/es\/actualites\/camping-en-savoie\/#primaryimage\"},\"thumbnailUrl\":\"https:\/\/www.campinglacdecarouge.fr\/wp-content\/uploads\/2024\/07\/20240624_110359-scaled.jpg\",\"articleSection\":[\"Sin categorizar\"],\"inLanguage\":\"es\"},{\"@type\":\"WebPage\",\"@id\":\"https:\/\/www.campinglacdecarouge.fr\/es\/actualites\/camping-en-savoie\/\",\"url\":\"https:\/\/www.campinglacdecarouge.fr\/es\/actualites\/camping-en-savoie\/\",\"name\":\"Camping en Savoie - Camping du Lac de Carouge\",\"isPartOf\":{\"@id\":\"https:\/\/www.campinglacdecarouge.fr\/es\/#website\"},\"primaryImageOfPage\":{\"@id\":\"https:\/\/www.campinglacdecarouge.fr\/es\/actualites\/camping-en-savoie\/#primaryimage\"},\"image\":{\"@id\":\"https:\/\/www.campinglacdecarouge.fr\/es\/actualites\/camping-en-savoie\/#primaryimage\"},\"thumbnailUrl\":\"https:\/\/www.campinglacdecarouge.fr\/wp-content\/uploads\/2024\/07\/20240624_110359-scaled.jpg\",\"datePublished\":\"2024-10-15T16:39:59+00:00\",\"dateModified\":\"2024-10-15T20:13:47+00:00\",\"breadcrumb\":{\"@id\":\"https:\/\/www.campinglacdecarouge.fr\/es\/actualites\/camping-en-savoie\/#breadcrumb\"},\"inLanguage\":\"es\",\"potentialAction\":[{\"@type\":\"ReadAction\",\"target\":[\"https:\/\/www.campinglacdecarouge.fr\/es\/actualites\/camping-en-savoie\/\"]}]},{\"@type\":\"ImageObject\",\"inLanguage\":\"es\",\"@id\":\"https:\/\/www.campinglacdecarouge.fr\/es\/actualites\/camping-en-savoie\/#primaryimage\",\"url\":\"https:\/\/www.campinglacdecarouge.fr\/wp-content\/uploads\/2024\/07\/20240624_110359-scaled.jpg\",\"contentUrl\":\"https:\/\/www.campinglacdecarouge.fr\/wp-content\/uploads\/2024\/07\/20240624_110359-scaled.jpg\",\"width\":2560,\"height\":1442,\"caption\":\"Camping en Savoie\"},{\"@type\":\"BreadcrumbList\",\"@id\":\"https:\/\/www.campinglacdecarouge.fr\/es\/actualites\/camping-en-savoie\/#breadcrumb\",\"itemListElement\":[{\"@type\":\"ListItem\",\"position\":1,\"name\":\"Accueil\",\"item\":\"https:\/\/www.campinglacdecarouge.fr\/es\/pagina-de-inicio-2\/\"},{\"@type\":\"ListItem\",\"position\":2,\"name\":\"Camping en Savoie\"}]},{\"@type\":\"WebSite\",\"@id\":\"https:\/\/www.campinglacdecarouge.fr\/es\/#website\",\"url\":\"https:\/\/www.campinglacdecarouge.fr\/es\/\",\"name\":\"Camping du Lac de Carouge\",\"description\":\"Sitio web del camping Lac de Carouge en Saboya\",\"publisher\":{\"@id\":\"https:\/\/www.campinglacdecarouge.fr\/es\/#organization\"},\"potentialAction\":[{\"@type\":\"SearchAction\",\"target\":{\"@type\":\"EntryPoint\",\"urlTemplate\":\"https:\/\/www.campinglacdecarouge.fr\/es\/?s={search_term_string}\"},\"query-input\":{\"@type\":\"PropertyValueSpecification\",\"valueRequired\":true,\"valueName\":\"search_term_string\"}}],\"inLanguage\":\"es\"},{\"@type\":\"Organization\",\"@id\":\"https:\/\/www.campinglacdecarouge.fr\/es\/#organization\",\"name\":\"Camping du Lac de Carouge\",\"url\":\"https:\/\/www.campinglacdecarouge.fr\/es\/\",\"logo\":{\"@type\":\"ImageObject\",\"inLanguage\":\"es\",\"@id\":\"https:\/\/www.campinglacdecarouge.fr\/es\/#\/schema\/logo\/image\/\",\"url\":\"https:\/\/www.campinglacdecarouge.fr\/wp-content\/uploads\/2024\/07\/logo-1.png\",\"contentUrl\":\"https:\/\/www.campinglacdecarouge.fr\/wp-content\/uploads\/2024\/07\/logo-1.png\",\"width\":530,\"height\":270,\"caption\":\"Camping du Lac de Carouge\"},\"image\":{\"@id\":\"https:\/\/www.campinglacdecarouge.fr\/es\/#\/schema\/logo\/image\/\"},\"sameAs\":[\"https:\/\/www.facebook.com\/pagelacdecarouge\/\",\"https:\/\/x.com\/lacdecarouge\",\"https:\/\/www.instagram.com\/lacdecarouge\/\"],\"legalName\":\"SAS SELYV\",\"foundingDate\":\"2009-01-01\",\"numberOfEmployees\":{\"@type\":\"QuantitativeValue\",\"minValue\":\"1\",\"maxValue\":\"10\"},\"publishingPrinciples\":\"https:\/\/www.campinglacdecarouge.fr\/principes-editoriaux\/\",\"correctionsPolicy\":\"https:\/\/www.campinglacdecarouge.fr\/politique-de-correction-editoriale-camping-du-lac-de-carouge\/\",\"ethicsPolicy\":\"https:\/\/www.campinglacdecarouge.fr\/standards-de-comportement-camping-du-lac-de-carouge\/\",\"diversityPolicy\":\"https:\/\/www.campinglacdecarouge.fr\/politique-de-diversite-pour-le-contenu-editorial\/\"},{\"@type\":\"Person\",\"@id\":\"https:\/\/www.campinglacdecarouge.fr\/es\/#\/schema\/person\/5a19e8e704009cc11416e1ffcb689be7\",\"name\":\"Yohann Rigollet\",\"image\":{\"@type\":\"ImageObject\",\"inLanguage\":\"es\",\"@id\":\"https:\/\/secure.gravatar.com\/avatar\/159d2c9ca15aeac02d9cefb209ec3c2da323a19c1bd197fc693537aeb27b0ba9?s=96&d=mm&r=g\",\"url\":\"https:\/\/secure.gravatar.com\/avatar\/159d2c9ca15aeac02d9cefb209ec3c2da323a19c1bd197fc693537aeb27b0ba9?s=96&d=mm&r=g\",\"contentUrl\":\"https:\/\/secure.gravatar.com\/avatar\/159d2c9ca15aeac02d9cefb209ec3c2da323a19c1bd197fc693537aeb27b0ba9?s=96&d=mm&r=g\",\"caption\":\"Yohann Rigollet\"},\"knowsLanguage\":[\"Anglais\",\"Fran\u00e7ais\",\"Allemand\"],\"url\":\"https:\/\/www.campinglacdecarouge.fr\/es\/actualites\/author\/yohann\/\"}]}<\/script>\n<!-- \/ Yoast SEO Premium plugin. -->","yoast_head_json":{"title":"Camping en Savoie - Camping du Lac de Carouge","robots":{"index":"index","follow":"follow","max-snippet":"max-snippet:-1","max-image-preview":"max-image-preview:large","max-video-preview":"max-video-preview:-1"},"canonical":"https:\/\/www.campinglacdecarouge.fr\/es\/actualites\/camping-en-savoie\/","og_locale":"es_ES","og_type":"article","og_title":"Camping en Savoie","og_description":"Bonito camping en Saboya entre Chamb\u00e9ry y Albertville","og_url":"https:\/\/www.campinglacdecarouge.fr\/es\/actualites\/camping-en-savoie\/","og_site_name":"Camping du Lac de Carouge","article_publisher":"https:\/\/www.facebook.com\/pagelacdecarouge\/","article_published_time":"2024-10-15T16:39:59+00:00","article_modified_time":"2024-10-15T20:13:47+00:00","og_image":[{"width":2560,"height":1442,"url":"https:\/\/www.campinglacdecarouge.fr\/wp-content\/uploads\/2024\/07\/20240624_110359-scaled.jpg","type":"image\/jpeg"}],"author":"Yohann Rigollet","twitter_card":"summary_large_image","twitter_creator":"@lacdecarouge","twitter_site":"@lacdecarouge","twitter_misc":{"Escrito por":"Yohann Rigolet","Tiempo de lectura":"3 minutos"},"schema":{"@context":"https:\/\/schema.org","@graph":[{"@type":"Article","@id":"https:\/\/www.campinglacdecarouge.fr\/es\/actualites\/camping-en-savoie\/#article","isPartOf":{"@id":"https:\/\/www.campinglacdecarouge.fr\/es\/actualites\/camping-en-savoie\/"},"author":{"name":"Yohann Rigollet","@id":"https:\/\/www.campinglacdecarouge.fr\/es\/#\/schema\/person\/5a19e8e704009cc11416e1ffcb689be7"},"headline":"Camping en Savoie","datePublished":"2024-10-15T16:39:59+00:00","dateModified":"2024-10-15T20:13:47+00:00","mainEntityOfPage":{"@id":"https:\/\/www.campinglacdecarouge.fr\/es\/actualites\/camping-en-savoie\/"},"wordCount":521,"publisher":{"@id":"https:\/\/www.campinglacdecarouge.fr\/es\/#organization"},"image":{"@id":"https:\/\/www.campinglacdecarouge.fr\/es\/actualites\/camping-en-savoie\/#primaryimage"},"thumbnailUrl":"https:\/\/www.campinglacdecarouge.fr\/wp-content\/uploads\/2024\/07\/20240624_110359-scaled.jpg","articleSection":["Sin categorizar"],"inLanguage":"es"},{"@type":"WebPage","@id":"https:\/\/www.campinglacdecarouge.fr\/es\/actualites\/camping-en-savoie\/","url":"https:\/\/www.campinglacdecarouge.fr\/es\/actualites\/camping-en-savoie\/","name":"Camping en Savoie - Camping du Lac de Carouge","isPartOf":{"@id":"https:\/\/www.campinglacdecarouge.fr\/es\/#website"},"primaryImageOfPage":{"@id":"https:\/\/www.campinglacdecarouge.fr\/es\/actualites\/camping-en-savoie\/#primaryimage"},"image":{"@id":"https:\/\/www.campinglacdecarouge.fr\/es\/actualites\/camping-en-savoie\/#primaryimage"},"thumbnailUrl":"https:\/\/www.campinglacdecarouge.fr\/wp-content\/uploads\/2024\/07\/20240624_110359-scaled.jpg","datePublished":"2024-10-15T16:39:59+00:00","dateModified":"2024-10-15T20:13:47+00:00","breadcrumb":{"@id":"https:\/\/www.campinglacdecarouge.fr\/es\/actualites\/camping-en-savoie\/#breadcrumb"},"inLanguage":"es","potentialAction":[{"@type":"ReadAction","target":["https:\/\/www.campinglacdecarouge.fr\/es\/actualites\/camping-en-savoie\/"]}]},{"@type":"ImageObject","inLanguage":"es","@id":"https:\/\/www.campinglacdecarouge.fr\/es\/actualites\/camping-en-savoie\/#primaryimage","url":"https:\/\/www.campinglacdecarouge.fr\/wp-content\/uploads\/2024\/07\/20240624_110359-scaled.jpg","contentUrl":"https:\/\/www.campinglacdecarouge.fr\/wp-content\/uploads\/2024\/07\/20240624_110359-scaled.jpg","width":2560,"height":1442,"caption":"Camping en Savoie"},{"@type":"BreadcrumbList","@id":"https:\/\/www.campinglacdecarouge.fr\/es\/actualites\/camping-en-savoie\/#breadcrumb","itemListElement":[{"@type":"ListItem","position":1,"name":"Accueil","item":"https:\/\/www.campinglacdecarouge.fr\/es\/pagina-de-inicio-2\/"},{"@type":"ListItem","position":2,"name":"Camping en Savoie"}]},{"@type":"WebSite","@id":"https:\/\/www.campinglacdecarouge.fr\/es\/#website","url":"https:\/\/www.campinglacdecarouge.fr\/es\/","name":"Camping du Lac de Carouge","description":"Sitio web del camping Lac de Carouge en Saboya","publisher":{"@id":"https:\/\/www.campinglacdecarouge.fr\/es\/#organization"},"potentialAction":[{"@type":"SearchAction","target":{"@type":"EntryPoint","urlTemplate":"https:\/\/www.campinglacdecarouge.fr\/es\/?s={search_term_string}"},"query-input":{"@type":"PropertyValueSpecification","valueRequired":true,"valueName":"search_term_string"}}],"inLanguage":"es"},{"@type":"Organization","@id":"https:\/\/www.campinglacdecarouge.fr\/es\/#organization","name":"Camping du Lac de Carouge","url":"https:\/\/www.campinglacdecarouge.fr\/es\/","logo":{"@type":"ImageObject","inLanguage":"es","@id":"https:\/\/www.campinglacdecarouge.fr\/es\/#\/schema\/logo\/image\/","url":"https:\/\/www.campinglacdecarouge.fr\/wp-content\/uploads\/2024\/07\/logo-1.png","contentUrl":"https:\/\/www.campinglacdecarouge.fr\/wp-content\/uploads\/2024\/07\/logo-1.png","width":530,"height":270,"caption":"Camping du Lac de Carouge"},"image":{"@id":"https:\/\/www.campinglacdecarouge.fr\/es\/#\/schema\/logo\/image\/"},"sameAs":["https:\/\/www.facebook.com\/pagelacdecarouge\/","https:\/\/x.com\/lacdecarouge","https:\/\/www.instagram.com\/lacdecarouge\/"],"legalName":"SAS SELYV","foundingDate":"2009-01-01","numberOfEmployees":{"@type":"QuantitativeValue","minValue":"1","maxValue":"10"},"publishingPrinciples":"https:\/\/www.campinglacdecarouge.fr\/principes-editoriaux\/","correctionsPolicy":"https:\/\/www.campinglacdecarouge.fr\/politique-de-correction-editoriale-camping-du-lac-de-carouge\/","ethicsPolicy":"https:\/\/www.campinglacdecarouge.fr\/standards-de-comportement-camping-du-lac-de-carouge\/","diversityPolicy":"https:\/\/www.campinglacdecarouge.fr\/politique-de-diversite-pour-le-contenu-editorial\/"},{"@type":"Person","@id":"https:\/\/www.campinglacdecarouge.fr\/es\/#\/schema\/person\/5a19e8e704009cc11416e1ffcb689be7","name":"Yohann Rigollet","image":{"@type":"ImageObject","inLanguage":"es","@id":"https:\/\/secure.gravatar.com\/avatar\/159d2c9ca15aeac02d9cefb209ec3c2da323a19c1bd197fc693537aeb27b0ba9?s=96&d=mm&r=g","url":"https:\/\/secure.gravatar.com\/avatar\/159d2c9ca15aeac02d9cefb209ec3c2da323a19c1bd197fc693537aeb27b0ba9?s=96&d=mm&r=g","contentUrl":"https:\/\/secure.gravatar.com\/avatar\/159d2c9ca15aeac02d9cefb209ec3c2da323a19c1bd197fc693537aeb27b0ba9?s=96&d=mm&r=g","caption":"Yohann Rigollet"},"knowsLanguage":["Anglais","Fran\u00e7ais","Allemand"],"url":"https:\/\/www.campinglacdecarouge.fr\/es\/actualites\/author\/yohann\/"}]}},"_links":{"self":[{"href":"https:\/\/www.campinglacdecarouge.fr\/es\/wp-json\/wp\/v2\/posts\/5060","targetHints":{"allow":["GET"]}}],"collection":[{"href":"https:\/\/www.campinglacdecarouge.fr\/es\/wp-json\/wp\/v2\/posts"}],"about":[{"href":"https:\/\/www.campinglacdecarouge.fr\/es\/wp-json\/wp\/v2\/types\/post"}],"author":[{"embeddable":true,"href":"https:\/\/www.campinglacdecarouge.fr\/es\/wp-json\/wp\/v2\/users\/2"}],"replies":[{"embeddable":true,"href":"https:\/\/www.campinglacdecarouge.fr\/es\/wp-json\/wp\/v2\/comments?post=5060"}],"version-history":[{"count":0,"href":"https:\/\/www.campinglacdecarouge.fr\/es\/wp-json\/wp\/v2\/posts\/5060\/revisions"}],"wp:featuredmedia":[{"embeddable":true,"href":"https:\/\/www.campinglacdecarouge.fr\/es\/wp-json\/wp\/v2\/media\/3794"}],"wp:attachment":[{"href":"https:\/\/www.campinglacdecarouge.fr\/es\/wp-json\/wp\/v2\/media?parent=5060"}],"wp:term":[{"taxonomy":"category","embeddable":true,"href":"https:\/\/www.campinglacdecarouge.fr\/es\/wp-json\/wp\/v2\/categories?post=5060"},{"taxonomy":"post_tag","embeddable":true,"href":"https:\/\/www.campinglacdecarouge.fr\/es\/wp-json\/wp\/v2\/tags?post=5060"}],"curies":[{"name":"wp","href":"https:\/\/api.w.org\/{rel}","templated":true}]}}