{"id":20966,"date":"2024-12-02T23:40:18","date_gmt":"2024-12-02T22:40:18","guid":{"rendered":"https:\/\/www.campinglacdecarouge.fr\/actualites\/camping-savoie-lac-de-carouge-acampar-en-tienda\/"},"modified":"2025-08-18T15:01:45","modified_gmt":"2025-08-18T13:01:45","slug":"camping-savoie-lac-de-carouge-acampar-en-tienda","status":"publish","type":"post","link":"https:\/\/www.campinglacdecarouge.fr\/es\/actualites\/camping-savoie-lac-de-carouge-acampar-en-tienda\/","title":{"rendered":"Camping Savoie Lac de Carouge &#8211; Acampar en tienda"},"content":{"rendered":"\t\t<div data-elementor-type=\"wp-post\" data-elementor-id=\"20966\" class=\"elementor elementor-20966 elementor-14522\" data-elementor-post-type=\"post\">\n\t\t\t\t<div class=\"elementor-element elementor-element-ba2a015 e-flex e-con-boxed e-con e-parent\" data-id=\"ba2a015\" data-element_type=\"container\" data-e-type=\"container\">\n\t\t\t\t\t<div class=\"e-con-inner\">\n\t\t\t\t<div class=\"elementor-element elementor-element-cc818e8 elementor-widget elementor-widget-heading\" data-id=\"cc818e8\" data-element_type=\"widget\" data-e-type=\"widget\" data-widget_type=\"heading.default\">\n\t\t\t\t<div class=\"elementor-widget-container\">\n\t\t\t\t\t<h2 class=\"elementor-heading-title elementor-size-default\">Acampar en tienda \n<\/h2>\t\t\t\t<\/div>\n\t\t\t\t<\/div>\n\t\t\t\t<div class=\"elementor-element elementor-element-4089db9 elementor-widget elementor-widget-text-editor\" data-id=\"4089db9\" data-element_type=\"widget\" data-e-type=\"widget\" data-widget_type=\"text-editor.default\">\n\t\t\t\t<div class=\"elementor-widget-container\">\n\t\t\t\t\t\t\t\t\t<p>Acampar en una tienda de campa\u00f1a significa retomar el contacto con <strong>el camping tradicional<\/strong>. Significa redescubrir los reflejos de nuestra infancia y transmitir a nuestros propios hijos los mismos recuerdos que un d\u00eda tuvimos con nuestros padres. <strong>Una tienda de campa\u00f1a<\/strong> es el placer de reunirse con <strong>toda la familia<\/strong> para pasar <strong>unas vacaciones inolvidables<\/strong>.  <\/p>\t\t\t\t\t\t\t\t<\/div>\n\t\t\t\t<\/div>\n\t\t\t\t<div class=\"elementor-element elementor-element-b1ec502 elementor-widget elementor-widget-heading\" data-id=\"b1ec502\" data-element_type=\"widget\" data-e-type=\"widget\" data-widget_type=\"heading.default\">\n\t\t\t\t<div class=\"elementor-widget-container\">\n\t\t\t\t\t<h2 class=\"elementor-heading-title elementor-size-default\">Un equipamiento moderno y confortable.<\/h2>\t\t\t\t<\/div>\n\t\t\t\t<\/div>\n\t\t\t\t<div class=\"elementor-element elementor-element-3a67340 elementor-widget elementor-widget-text-editor\" data-id=\"3a67340\" data-element_type=\"widget\" data-e-type=\"widget\" data-widget_type=\"text-editor.default\">\n\t\t\t\t<div class=\"elementor-widget-container\">\n\t\t\t\t\t\t\t\t\t<p>Sin embargo, los tiempos en los que pas\u00e1bamos dos o tres horas montando <strong>la tienda<\/strong> antes de poder disfrutar de los placeres del <strong>camping en Saboya<\/strong> han pasado a la historia. Ahora existen tiendas muy modernas que le permiten disfrutar del camping desde la primera hora de su llegada para que pueda pasar unas vacaciones familiares de ensue\u00f1o en nuestro camping de Saboya.  <\/p>\t\t\t\t\t\t\t\t<\/div>\n\t\t\t\t<\/div>\n\t\t\t\t<div class=\"elementor-element elementor-element-265e4cd elementor-widget elementor-widget-text-editor\" data-id=\"265e4cd\" data-element_type=\"widget\" data-e-type=\"widget\" data-widget_type=\"text-editor.default\">\n\t\t\t\t<div class=\"elementor-widget-container\">\n\t\t\t\t\t\t\t\t\t<p>Las tiendas actuales est\u00e1n dise\u00f1adas para que pueda <strong>acampar c\u00f3modamente en familia<\/strong> o irse solo a la monta\u00f1a. Sea cual sea el tama\u00f1o de su familia, estas tiendas ser\u00e1n ideales para <strong>unas vacaciones naturales o m\u00e1s confortables<\/strong> en nuestro camping de St Pierre d&#8217;Albigny en Saboya. Hoy en d\u00eda, las tiendas de campa\u00f1a son espaciosas y modulables, lo que permite instalar muebles como una mesa y sillas.   <\/p>\t\t\t\t\t\t\t\t<\/div>\n\t\t\t\t<\/div>\n\t\t\t\t<div class=\"elementor-element elementor-element-814aeb0 elementor-widget elementor-widget-text-editor\" data-id=\"814aeb0\" data-element_type=\"widget\" data-e-type=\"widget\" data-widget_type=\"text-editor.default\">\n\t\t\t\t<div class=\"elementor-widget-container\">\n\t\t\t\t\t\t\t\t\t<p>Algunas tiendas son ahora hinchables, de modo que cuando llegue a su parcela, s\u00f3lo tendr\u00e1 que enchufar el hinchador y dejar que la tienda se monte sola. As\u00ed todos pueden disfrutar de sus vacaciones. A\u00f1ada <strong>colchones hinchables<\/strong> y se sentir\u00e1 como en casa.  <\/p>\t\t\t\t\t\t\t\t<\/div>\n\t\t\t\t<\/div>\n\t\t\t\t<div class=\"elementor-element elementor-element-a0d5b38 elementor-widget elementor-widget-heading\" data-id=\"a0d5b38\" data-element_type=\"widget\" data-e-type=\"widget\" data-widget_type=\"heading.default\">\n\t\t\t\t<div class=\"elementor-widget-container\">\n\t\t\t\t\t<h2 class=\"elementor-heading-title elementor-size-default\">\nVarios tipos de parcelas para montar su tienda.<\/h2>\t\t\t\t<\/div>\n\t\t\t\t<\/div>\n\t\t\t\t<div class=\"elementor-element elementor-element-f15fed5 elementor-widget elementor-widget-text-editor\" data-id=\"f15fed5\" data-element_type=\"widget\" data-e-type=\"widget\" data-widget_type=\"text-editor.default\">\n\t\t\t\t<div class=\"elementor-widget-container\">\n\t\t\t\t\t\t\t\t\t<p>En nuestro camping de Savoie podr\u00e1 disfrutar de numerosas parcelas con diferentes grados de sombra. Para pasar unas vacaciones maravillosas en nuestro camping, le proponemos varios tipos de parcelas: <strong>parcelas de tienda natural<\/strong> para su tienda y 2 personas, <strong>parcelas de tienda confort<\/strong> para su tienda y electricidad y <strong>parcelas de tienda privilegiadas<\/strong> para su tienda, electricidad y acceso directo a una toma de agua. Una tienda de camping se compromete a proporcionarle una experiencia inolvidable al aire libre y goza de una reputaci\u00f3n envidiable para unas vacaciones en tienda de camping.   <\/p>\t\t\t\t\t\t\t\t<\/div>\n\t\t\t\t<\/div>\n\t\t\t\t<div class=\"elementor-element elementor-element-635bd8a elementor-widget elementor-widget-text-editor\" data-id=\"635bd8a\" data-element_type=\"widget\" data-e-type=\"widget\" data-widget_type=\"text-editor.default\">\n\t\t\t\t<div class=\"elementor-widget-container\">\n\t\t\t\t\t\t\t\t\t<p><strong>Todas nuestras parcelas para tiendas tienen una superficie m\u00ednima de 100 m\u00b2, y algunas de ellas de 200 m\u00b2.<\/strong><\/p>\t\t\t\t\t\t\t\t<\/div>\n\t\t\t\t<\/div>\n\t\t\t\t\t<\/div>\n\t\t\t\t<\/div>\n\t\t\t\t<\/div>\n\t\t","protected":false},"excerpt":{"rendered":"<p>Acampar en tienda Acampar en una tienda de campa\u00f1a significa retomar el contacto con el camping tradicional. Significa redescubrir los reflejos de nuestra infancia y transmitir a nuestros propios hijos los mismos recuerdos que un d\u00eda tuvimos con nuestros padres. Una tienda de campa\u00f1a es el placer de reunirse con toda la familia para pasar [&hellip;]<\/p>\n","protected":false},"author":2,"featured_media":0,"comment_status":"open","ping_status":"open","sticky":false,"template":"","format":"standard","meta":{"footnotes":""},"categories":[12],"tags":[],"class_list":["post-20966","post","type-post","status-publish","format-standard","hentry","category-sin-categorizar"],"blocksy_meta":[],"yoast_head":"<!-- This site is optimized with the Yoast SEO Premium plugin v27.2 (Yoast SEO v27.2) - https:\/\/yoast.com\/product\/yoast-seo-premium-wordpress\/ -->\n<title>Camping en Savoie en Lac de Carouge - Tente en Camping - Camping du Lac de Carouge<\/title>\n<meta name=\"description\" content=\"Descubra nuestro camping en Savoie en Lac de Carouge y disfrute de unas vacaciones en plena naturaleza. Reserve ya su parcela.\" \/>\n<meta name=\"robots\" content=\"index, follow, max-snippet:-1, max-image-preview:large, max-video-preview:-1\" \/>\n<link rel=\"canonical\" href=\"https:\/\/www.campinglacdecarouge.fr\/es\/actualites\/camping-savoie-lac-de-carouge-acampar-en-tienda\/\" \/>\n<meta property=\"og:locale\" content=\"es_ES\" \/>\n<meta property=\"og:type\" content=\"article\" \/>\n<meta property=\"og:title\" content=\"Camping Savoie Lac de Carouge - Acampar en tienda\" \/>\n<meta property=\"og:description\" content=\"Descubra nuestro camping en Savoie en Lac de Carouge y disfrute de unas vacaciones en plena naturaleza. Reserve ya su parcela.\" \/>\n<meta property=\"og:url\" content=\"https:\/\/www.campinglacdecarouge.fr\/es\/actualites\/camping-savoie-lac-de-carouge-acampar-en-tienda\/\" \/>\n<meta property=\"og:site_name\" content=\"Camping du Lac de Carouge\" \/>\n<meta property=\"article:publisher\" content=\"https:\/\/www.facebook.com\/pagelacdecarouge\/\" \/>\n<meta property=\"article:published_time\" content=\"2024-12-02T22:40:18+00:00\" \/>\n<meta property=\"article:modified_time\" content=\"2025-08-18T13:01:45+00:00\" \/>\n<meta property=\"og:image\" content=\"https:\/\/www.campinglacdecarouge.fr\/wp-content\/uploads\/2024\/11\/20240624_105940-scaled.jpg\" \/>\n\t<meta property=\"og:image:width\" content=\"2560\" \/>\n\t<meta property=\"og:image:height\" content=\"1442\" \/>\n\t<meta property=\"og:image:type\" content=\"image\/jpeg\" \/>\n<meta name=\"author\" content=\"Yohann Rigollet\" \/>\n<meta name=\"twitter:card\" content=\"summary_large_image\" \/>\n<meta name=\"twitter:creator\" content=\"@lacdecarouge\" \/>\n<meta name=\"twitter:site\" content=\"@lacdecarouge\" \/>\n<meta name=\"twitter:label1\" content=\"Escrito por\" \/>\n\t<meta name=\"twitter:data1\" content=\"Yohann Rigolet\" \/>\n\t<meta name=\"twitter:label2\" content=\"Tiempo de lectura\" \/>\n\t<meta name=\"twitter:data2\" content=\"2 minutos\" \/>\n<script type=\"application\/ld+json\" class=\"yoast-schema-graph\">{\"@context\":\"https:\/\/schema.org\",\"@graph\":[{\"@type\":\"Article\",\"@id\":\"https:\/\/www.campinglacdecarouge.fr\/es\/actualites\/camping-savoie-lac-de-carouge-acampar-en-tienda\/#article\",\"isPartOf\":{\"@id\":\"https:\/\/www.campinglacdecarouge.fr\/es\/actualites\/camping-savoie-lac-de-carouge-acampar-en-tienda\/\"},\"author\":{\"name\":\"Yohann Rigollet\",\"@id\":\"https:\/\/www.campinglacdecarouge.fr\/es\/#\/schema\/person\/5a19e8e704009cc11416e1ffcb689be7\"},\"headline\":\"Camping Savoie Lac de Carouge &#8211; Acampar en tienda\",\"datePublished\":\"2024-12-02T22:40:18+00:00\",\"dateModified\":\"2025-08-18T13:01:45+00:00\",\"mainEntityOfPage\":{\"@id\":\"https:\/\/www.campinglacdecarouge.fr\/es\/actualites\/camping-savoie-lac-de-carouge-acampar-en-tienda\/\"},\"wordCount\":380,\"commentCount\":0,\"publisher\":{\"@id\":\"https:\/\/www.campinglacdecarouge.fr\/es\/#organization\"},\"articleSection\":[\"Sin categorizar\"],\"inLanguage\":\"es\",\"potentialAction\":[{\"@type\":\"CommentAction\",\"name\":\"Comment\",\"target\":[\"https:\/\/www.campinglacdecarouge.fr\/es\/actualites\/camping-savoie-lac-de-carouge-acampar-en-tienda\/#respond\"]}]},{\"@type\":\"WebPage\",\"@id\":\"https:\/\/www.campinglacdecarouge.fr\/es\/actualites\/camping-savoie-lac-de-carouge-acampar-en-tienda\/\",\"url\":\"https:\/\/www.campinglacdecarouge.fr\/es\/actualites\/camping-savoie-lac-de-carouge-acampar-en-tienda\/\",\"name\":\"Camping en Savoie en Lac de Carouge - Tente en Camping - Camping du Lac de Carouge\",\"isPartOf\":{\"@id\":\"https:\/\/www.campinglacdecarouge.fr\/es\/#website\"},\"datePublished\":\"2024-12-02T22:40:18+00:00\",\"dateModified\":\"2025-08-18T13:01:45+00:00\",\"description\":\"Descubra nuestro camping en Savoie en Lac de Carouge y disfrute de unas vacaciones en plena naturaleza. Reserve ya su parcela.\",\"breadcrumb\":{\"@id\":\"https:\/\/www.campinglacdecarouge.fr\/es\/actualites\/camping-savoie-lac-de-carouge-acampar-en-tienda\/#breadcrumb\"},\"inLanguage\":\"es\",\"potentialAction\":[{\"@type\":\"ReadAction\",\"target\":[\"https:\/\/www.campinglacdecarouge.fr\/es\/actualites\/camping-savoie-lac-de-carouge-acampar-en-tienda\/\"]}]},{\"@type\":\"BreadcrumbList\",\"@id\":\"https:\/\/www.campinglacdecarouge.fr\/es\/actualites\/camping-savoie-lac-de-carouge-acampar-en-tienda\/#breadcrumb\",\"itemListElement\":[{\"@type\":\"ListItem\",\"position\":1,\"name\":\"Accueil\",\"item\":\"https:\/\/www.campinglacdecarouge.fr\/es\/pagina-de-inicio-2\/\"},{\"@type\":\"ListItem\",\"position\":2,\"name\":\"Camping Savoie Lac de Carouge &#8211; Acampar en tienda\"}]},{\"@type\":\"WebSite\",\"@id\":\"https:\/\/www.campinglacdecarouge.fr\/es\/#website\",\"url\":\"https:\/\/www.campinglacdecarouge.fr\/es\/\",\"name\":\"Camping du Lac de Carouge\",\"description\":\"Sitio web del camping Lac de Carouge en Saboya\",\"publisher\":{\"@id\":\"https:\/\/www.campinglacdecarouge.fr\/es\/#organization\"},\"potentialAction\":[{\"@type\":\"SearchAction\",\"target\":{\"@type\":\"EntryPoint\",\"urlTemplate\":\"https:\/\/www.campinglacdecarouge.fr\/es\/?s={search_term_string}\"},\"query-input\":{\"@type\":\"PropertyValueSpecification\",\"valueRequired\":true,\"valueName\":\"search_term_string\"}}],\"inLanguage\":\"es\"},{\"@type\":\"Organization\",\"@id\":\"https:\/\/www.campinglacdecarouge.fr\/es\/#organization\",\"name\":\"Camping du Lac de Carouge\",\"url\":\"https:\/\/www.campinglacdecarouge.fr\/es\/\",\"logo\":{\"@type\":\"ImageObject\",\"inLanguage\":\"es\",\"@id\":\"https:\/\/www.campinglacdecarouge.fr\/es\/#\/schema\/logo\/image\/\",\"url\":\"https:\/\/www.campinglacdecarouge.fr\/wp-content\/uploads\/2024\/07\/logo-1.png\",\"contentUrl\":\"https:\/\/www.campinglacdecarouge.fr\/wp-content\/uploads\/2024\/07\/logo-1.png\",\"width\":530,\"height\":270,\"caption\":\"Camping du Lac de Carouge\"},\"image\":{\"@id\":\"https:\/\/www.campinglacdecarouge.fr\/es\/#\/schema\/logo\/image\/\"},\"sameAs\":[\"https:\/\/www.facebook.com\/pagelacdecarouge\/\",\"https:\/\/x.com\/lacdecarouge\",\"https:\/\/www.instagram.com\/lacdecarouge\/\"],\"legalName\":\"SAS SELYV\",\"foundingDate\":\"2009-01-01\",\"numberOfEmployees\":{\"@type\":\"QuantitativeValue\",\"minValue\":\"1\",\"maxValue\":\"10\"},\"publishingPrinciples\":\"https:\/\/www.campinglacdecarouge.fr\/principes-editoriaux\/\",\"correctionsPolicy\":\"https:\/\/www.campinglacdecarouge.fr\/politique-de-correction-editoriale-camping-du-lac-de-carouge\/\",\"ethicsPolicy\":\"https:\/\/www.campinglacdecarouge.fr\/standards-de-comportement-camping-du-lac-de-carouge\/\",\"diversityPolicy\":\"https:\/\/www.campinglacdecarouge.fr\/politique-de-diversite-pour-le-contenu-editorial\/\"},{\"@type\":\"Person\",\"@id\":\"https:\/\/www.campinglacdecarouge.fr\/es\/#\/schema\/person\/5a19e8e704009cc11416e1ffcb689be7\",\"name\":\"Yohann Rigollet\",\"image\":{\"@type\":\"ImageObject\",\"inLanguage\":\"es\",\"@id\":\"https:\/\/secure.gravatar.com\/avatar\/159d2c9ca15aeac02d9cefb209ec3c2da323a19c1bd197fc693537aeb27b0ba9?s=96&d=mm&r=g\",\"url\":\"https:\/\/secure.gravatar.com\/avatar\/159d2c9ca15aeac02d9cefb209ec3c2da323a19c1bd197fc693537aeb27b0ba9?s=96&d=mm&r=g\",\"contentUrl\":\"https:\/\/secure.gravatar.com\/avatar\/159d2c9ca15aeac02d9cefb209ec3c2da323a19c1bd197fc693537aeb27b0ba9?s=96&d=mm&r=g\",\"caption\":\"Yohann Rigollet\"},\"knowsLanguage\":[\"Anglais\",\"Fran\u00e7ais\",\"Allemand\"],\"url\":\"https:\/\/www.campinglacdecarouge.fr\/es\/actualites\/author\/yohann\/\"}]}<\/script>\n<!-- \/ Yoast SEO Premium plugin. -->","yoast_head_json":{"title":"Camping en Savoie en Lac de Carouge - Tente en Camping - Camping du Lac de Carouge","description":"Descubra nuestro camping en Savoie en Lac de Carouge y disfrute de unas vacaciones en plena naturaleza. Reserve ya su parcela.","robots":{"index":"index","follow":"follow","max-snippet":"max-snippet:-1","max-image-preview":"max-image-preview:large","max-video-preview":"max-video-preview:-1"},"canonical":"https:\/\/www.campinglacdecarouge.fr\/es\/actualites\/camping-savoie-lac-de-carouge-acampar-en-tienda\/","og_locale":"es_ES","og_type":"article","og_title":"Camping Savoie Lac de Carouge - Acampar en tienda","og_description":"Descubra nuestro camping en Savoie en Lac de Carouge y disfrute de unas vacaciones en plena naturaleza. Reserve ya su parcela.","og_url":"https:\/\/www.campinglacdecarouge.fr\/es\/actualites\/camping-savoie-lac-de-carouge-acampar-en-tienda\/","og_site_name":"Camping du Lac de Carouge","article_publisher":"https:\/\/www.facebook.com\/pagelacdecarouge\/","article_published_time":"2024-12-02T22:40:18+00:00","article_modified_time":"2025-08-18T13:01:45+00:00","og_image":[{"width":2560,"height":1442,"url":"https:\/\/www.campinglacdecarouge.fr\/wp-content\/uploads\/2024\/11\/20240624_105940-scaled.jpg","type":"image\/jpeg"}],"author":"Yohann Rigollet","twitter_card":"summary_large_image","twitter_creator":"@lacdecarouge","twitter_site":"@lacdecarouge","twitter_misc":{"Escrito por":"Yohann Rigolet","Tiempo de lectura":"2 minutos"},"schema":{"@context":"https:\/\/schema.org","@graph":[{"@type":"Article","@id":"https:\/\/www.campinglacdecarouge.fr\/es\/actualites\/camping-savoie-lac-de-carouge-acampar-en-tienda\/#article","isPartOf":{"@id":"https:\/\/www.campinglacdecarouge.fr\/es\/actualites\/camping-savoie-lac-de-carouge-acampar-en-tienda\/"},"author":{"name":"Yohann Rigollet","@id":"https:\/\/www.campinglacdecarouge.fr\/es\/#\/schema\/person\/5a19e8e704009cc11416e1ffcb689be7"},"headline":"Camping Savoie Lac de Carouge &#8211; Acampar en tienda","datePublished":"2024-12-02T22:40:18+00:00","dateModified":"2025-08-18T13:01:45+00:00","mainEntityOfPage":{"@id":"https:\/\/www.campinglacdecarouge.fr\/es\/actualites\/camping-savoie-lac-de-carouge-acampar-en-tienda\/"},"wordCount":380,"commentCount":0,"publisher":{"@id":"https:\/\/www.campinglacdecarouge.fr\/es\/#organization"},"articleSection":["Sin categorizar"],"inLanguage":"es","potentialAction":[{"@type":"CommentAction","name":"Comment","target":["https:\/\/www.campinglacdecarouge.fr\/es\/actualites\/camping-savoie-lac-de-carouge-acampar-en-tienda\/#respond"]}]},{"@type":"WebPage","@id":"https:\/\/www.campinglacdecarouge.fr\/es\/actualites\/camping-savoie-lac-de-carouge-acampar-en-tienda\/","url":"https:\/\/www.campinglacdecarouge.fr\/es\/actualites\/camping-savoie-lac-de-carouge-acampar-en-tienda\/","name":"Camping en Savoie en Lac de Carouge - Tente en Camping - Camping du Lac de Carouge","isPartOf":{"@id":"https:\/\/www.campinglacdecarouge.fr\/es\/#website"},"datePublished":"2024-12-02T22:40:18+00:00","dateModified":"2025-08-18T13:01:45+00:00","description":"Descubra nuestro camping en Savoie en Lac de Carouge y disfrute de unas vacaciones en plena naturaleza. Reserve ya su parcela.","breadcrumb":{"@id":"https:\/\/www.campinglacdecarouge.fr\/es\/actualites\/camping-savoie-lac-de-carouge-acampar-en-tienda\/#breadcrumb"},"inLanguage":"es","potentialAction":[{"@type":"ReadAction","target":["https:\/\/www.campinglacdecarouge.fr\/es\/actualites\/camping-savoie-lac-de-carouge-acampar-en-tienda\/"]}]},{"@type":"BreadcrumbList","@id":"https:\/\/www.campinglacdecarouge.fr\/es\/actualites\/camping-savoie-lac-de-carouge-acampar-en-tienda\/#breadcrumb","itemListElement":[{"@type":"ListItem","position":1,"name":"Accueil","item":"https:\/\/www.campinglacdecarouge.fr\/es\/pagina-de-inicio-2\/"},{"@type":"ListItem","position":2,"name":"Camping Savoie Lac de Carouge &#8211; Acampar en tienda"}]},{"@type":"WebSite","@id":"https:\/\/www.campinglacdecarouge.fr\/es\/#website","url":"https:\/\/www.campinglacdecarouge.fr\/es\/","name":"Camping du Lac de Carouge","description":"Sitio web del camping Lac de Carouge en Saboya","publisher":{"@id":"https:\/\/www.campinglacdecarouge.fr\/es\/#organization"},"potentialAction":[{"@type":"SearchAction","target":{"@type":"EntryPoint","urlTemplate":"https:\/\/www.campinglacdecarouge.fr\/es\/?s={search_term_string}"},"query-input":{"@type":"PropertyValueSpecification","valueRequired":true,"valueName":"search_term_string"}}],"inLanguage":"es"},{"@type":"Organization","@id":"https:\/\/www.campinglacdecarouge.fr\/es\/#organization","name":"Camping du Lac de Carouge","url":"https:\/\/www.campinglacdecarouge.fr\/es\/","logo":{"@type":"ImageObject","inLanguage":"es","@id":"https:\/\/www.campinglacdecarouge.fr\/es\/#\/schema\/logo\/image\/","url":"https:\/\/www.campinglacdecarouge.fr\/wp-content\/uploads\/2024\/07\/logo-1.png","contentUrl":"https:\/\/www.campinglacdecarouge.fr\/wp-content\/uploads\/2024\/07\/logo-1.png","width":530,"height":270,"caption":"Camping du Lac de Carouge"},"image":{"@id":"https:\/\/www.campinglacdecarouge.fr\/es\/#\/schema\/logo\/image\/"},"sameAs":["https:\/\/www.facebook.com\/pagelacdecarouge\/","https:\/\/x.com\/lacdecarouge","https:\/\/www.instagram.com\/lacdecarouge\/"],"legalName":"SAS SELYV","foundingDate":"2009-01-01","numberOfEmployees":{"@type":"QuantitativeValue","minValue":"1","maxValue":"10"},"publishingPrinciples":"https:\/\/www.campinglacdecarouge.fr\/principes-editoriaux\/","correctionsPolicy":"https:\/\/www.campinglacdecarouge.fr\/politique-de-correction-editoriale-camping-du-lac-de-carouge\/","ethicsPolicy":"https:\/\/www.campinglacdecarouge.fr\/standards-de-comportement-camping-du-lac-de-carouge\/","diversityPolicy":"https:\/\/www.campinglacdecarouge.fr\/politique-de-diversite-pour-le-contenu-editorial\/"},{"@type":"Person","@id":"https:\/\/www.campinglacdecarouge.fr\/es\/#\/schema\/person\/5a19e8e704009cc11416e1ffcb689be7","name":"Yohann Rigollet","image":{"@type":"ImageObject","inLanguage":"es","@id":"https:\/\/secure.gravatar.com\/avatar\/159d2c9ca15aeac02d9cefb209ec3c2da323a19c1bd197fc693537aeb27b0ba9?s=96&d=mm&r=g","url":"https:\/\/secure.gravatar.com\/avatar\/159d2c9ca15aeac02d9cefb209ec3c2da323a19c1bd197fc693537aeb27b0ba9?s=96&d=mm&r=g","contentUrl":"https:\/\/secure.gravatar.com\/avatar\/159d2c9ca15aeac02d9cefb209ec3c2da323a19c1bd197fc693537aeb27b0ba9?s=96&d=mm&r=g","caption":"Yohann Rigollet"},"knowsLanguage":["Anglais","Fran\u00e7ais","Allemand"],"url":"https:\/\/www.campinglacdecarouge.fr\/es\/actualites\/author\/yohann\/"}]}},"_links":{"self":[{"href":"https:\/\/www.campinglacdecarouge.fr\/es\/wp-json\/wp\/v2\/posts\/20966","targetHints":{"allow":["GET"]}}],"collection":[{"href":"https:\/\/www.campinglacdecarouge.fr\/es\/wp-json\/wp\/v2\/posts"}],"about":[{"href":"https:\/\/www.campinglacdecarouge.fr\/es\/wp-json\/wp\/v2\/types\/post"}],"author":[{"embeddable":true,"href":"https:\/\/www.campinglacdecarouge.fr\/es\/wp-json\/wp\/v2\/users\/2"}],"replies":[{"embeddable":true,"href":"https:\/\/www.campinglacdecarouge.fr\/es\/wp-json\/wp\/v2\/comments?post=20966"}],"version-history":[{"count":1,"href":"https:\/\/www.campinglacdecarouge.fr\/es\/wp-json\/wp\/v2\/posts\/20966\/revisions"}],"predecessor-version":[{"id":54473,"href":"https:\/\/www.campinglacdecarouge.fr\/es\/wp-json\/wp\/v2\/posts\/20966\/revisions\/54473"}],"wp:attachment":[{"href":"https:\/\/www.campinglacdecarouge.fr\/es\/wp-json\/wp\/v2\/media?parent=20966"}],"wp:term":[{"taxonomy":"category","embeddable":true,"href":"https:\/\/www.campinglacdecarouge.fr\/es\/wp-json\/wp\/v2\/categories?post=20966"},{"taxonomy":"post_tag","embeddable":true,"href":"https:\/\/www.campinglacdecarouge.fr\/es\/wp-json\/wp\/v2\/tags?post=20966"}],"curies":[{"name":"wp","href":"https:\/\/api.w.org\/{rel}","templated":true}]}}