{"id":5056,"date":"2024-10-15T18:39:59","date_gmt":"2024-10-15T16:39:59","guid":{"rendered":"https:\/\/www.campinglacdecarouge.fr\/2024\/10\/15\/campingplads-i-savoie\/"},"modified":"2024-10-15T22:13:47","modified_gmt":"2024-10-15T20:13:47","slug":"campingplads-i-savoie","status":"publish","type":"post","link":"https:\/\/www.campinglacdecarouge.fr\/da\/actualites\/campingplads-i-savoie\/","title":{"rendered":"campingplads i Savoie"},"content":{"rendered":"\t\t<div data-elementor-type=\"wp-post\" data-elementor-id=\"5056\" class=\"elementor elementor-5056 elementor-5018\" data-elementor-post-type=\"post\">\n\t\t\t\t<div class=\"elementor-element elementor-element-2bdaf9b e-flex e-con-boxed e-con e-parent\" data-id=\"2bdaf9b\" data-element_type=\"container\" data-e-type=\"container\">\n\t\t\t\t\t<div class=\"e-con-inner\">\n\t\t\t\t<div class=\"elementor-element elementor-element-f3111fa elementor-widget elementor-widget-heading\" data-id=\"f3111fa\" data-element_type=\"widget\" data-e-type=\"widget\" data-widget_type=\"heading.default\">\n\t\t\t\t<div class=\"elementor-widget-container\">\n\t\t\t\t\t<h2 class=\"elementor-heading-title elementor-size-default\">En velplaceret campingplads i Savoie.<\/h2>\t\t\t\t<\/div>\n\t\t\t\t<\/div>\n\t\t\t\t<div class=\"elementor-element elementor-element-11412ab elementor-widget elementor-widget-text-editor\" data-id=\"11412ab\" data-element_type=\"widget\" data-e-type=\"widget\" data-widget_type=\"text-editor.default\">\n\t\t\t\t<div class=\"elementor-widget-container\">\n\t\t\t\t\t\t\t\t\t<p>Vores campingplads ligger i Savoie, 23 kilometer fra Chamb\u00e9ry og Albertville, i hjertet af Combe de Savoie. Det tager dig mindre end en halv time at n\u00e5 disse to byer. Du kan bes\u00f8ge Place aux \u00c9l\u00e9phants og Chamb\u00e9rys smukke historiske bymidte samt Albertvilles olympiske center med det stadion, der var v\u00e6rt for OL i 1992, og Place de l&#8217;Europe og dens shoppinggader.  <\/p>\n\t\t\t\t\t\t\t\t<\/div>\n\t\t\t\t<\/div>\n\t\t\t\t\t<\/div>\n\t\t\t\t<\/div>\n\t\t<div class=\"elementor-element elementor-element-bbda935 e-flex e-con-boxed e-con e-parent\" data-id=\"bbda935\" data-element_type=\"container\" data-e-type=\"container\">\n\t\t\t\t\t<div class=\"e-con-inner\">\n\t\t\t\t<div class=\"elementor-element elementor-element-65e8e30 elementor-widget elementor-widget-image\" data-id=\"65e8e30\" data-element_type=\"widget\" data-e-type=\"widget\" data-widget_type=\"image.default\">\n\t\t\t\t<div class=\"elementor-widget-container\">\n\t\t\t\t\t\t\t\t\t\t\t\t\t\t\t<img fetchpriority=\"high\" decoding=\"async\" width=\"1024\" height=\"512\" src=\"https:\/\/www.campinglacdecarouge.fr\/wp-content\/uploads\/2024\/09\/1528813816-1-1024x512.jpeg\" class=\"attachment-large size-large wp-image-4443\" alt=\"Place des El\u00e9phants \u00e0 Chamb\u00e9ry en Savoie\" srcset=\"https:\/\/www.campinglacdecarouge.fr\/wp-content\/uploads\/2024\/09\/1528813816-1-1024x512.jpeg 1024w, https:\/\/www.campinglacdecarouge.fr\/wp-content\/uploads\/2024\/09\/1528813816-1-300x150.jpeg 300w, https:\/\/www.campinglacdecarouge.fr\/wp-content\/uploads\/2024\/09\/1528813816-1-768x384.jpeg 768w, https:\/\/www.campinglacdecarouge.fr\/wp-content\/uploads\/2024\/09\/1528813816-1.jpeg 1200w\" sizes=\"(max-width: 1024px) 100vw, 1024px\" \/>\t\t\t\t\t\t\t\t\t\t\t\t\t\t\t<\/div>\n\t\t\t\t<\/div>\n\t\t\t\t<div class=\"elementor-element elementor-element-70cffc2 elementor-widget elementor-widget-image\" data-id=\"70cffc2\" data-element_type=\"widget\" data-e-type=\"widget\" data-widget_type=\"image.default\">\n\t\t\t\t<div class=\"elementor-widget-container\">\n\t\t\t\t\t\t\t\t\t\t\t\t\t\t\t<img decoding=\"async\" width=\"1024\" height=\"512\" src=\"https:\/\/www.campinglacdecarouge.fr\/wp-content\/uploads\/2024\/09\/1528813854-1024x512.jpeg\" class=\"attachment-large size-large wp-image-4503\" alt=\"Vue A\u00e9rienne Combe de Savoie\" srcset=\"https:\/\/www.campinglacdecarouge.fr\/wp-content\/uploads\/2024\/09\/1528813854-1024x512.jpeg 1024w, https:\/\/www.campinglacdecarouge.fr\/wp-content\/uploads\/2024\/09\/1528813854-300x150.jpeg 300w, https:\/\/www.campinglacdecarouge.fr\/wp-content\/uploads\/2024\/09\/1528813854-768x384.jpeg 768w, https:\/\/www.campinglacdecarouge.fr\/wp-content\/uploads\/2024\/09\/1528813854.jpeg 1200w\" sizes=\"(max-width: 1024px) 100vw, 1024px\" \/>\t\t\t\t\t\t\t\t\t\t\t\t\t\t\t<\/div>\n\t\t\t\t<\/div>\n\t\t\t\t\t<\/div>\n\t\t\t\t<\/div>\n\t\t<div class=\"elementor-element elementor-element-a4f8d0f e-flex e-con-boxed e-con e-parent\" data-id=\"a4f8d0f\" data-element_type=\"container\" data-e-type=\"container\">\n\t\t\t\t\t<div class=\"e-con-inner\">\n\t\t\t\t<div class=\"elementor-element elementor-element-b1b2396 elementor-widget elementor-widget-heading\" data-id=\"b1b2396\" data-element_type=\"widget\" data-e-type=\"widget\" data-widget_type=\"heading.default\">\n\t\t\t\t<div class=\"elementor-widget-container\">\n\t\t\t\t\t<h3 class=\"elementor-heading-title elementor-size-default\">En rolig og afslappende campingplads...<\/h3>\t\t\t\t<\/div>\n\t\t\t\t<\/div>\n\t\t\t\t<div class=\"elementor-element elementor-element-d8bed9c elementor-widget elementor-widget-text-editor\" data-id=\"d8bed9c\" data-element_type=\"widget\" data-e-type=\"widget\" data-widget_type=\"text-editor.default\">\n\t\t\t\t<div class=\"elementor-widget-container\">\n\t\t\t\t\t\t\t\t\t<p>Beliggende ved bredden af Carouge-s\u00f8en, ved siden af Is\u00e8re-floden, tilbyder vi vores ferieg\u00e6ster et fredeligt sted til deres familieferie i vores hjemregion Savoie. Vi er ideelt placeret til at bes\u00f8ge ikke bare Savoie-departementet, men ogs\u00e5 hele Rh\u00f4ne-Alpes-regionen. Du er ogs\u00e5 meget t\u00e6t p\u00e5 byerne Aix-les-Bains og Lac du Bourget, Annecy, Grenoble og, lidt l\u00e6ngere v\u00e6k, Lyon.  <\/p>\n\t\t\t\t\t\t\t\t<\/div>\n\t\t\t\t<\/div>\n\t\t\t\t<div class=\"elementor-element elementor-element-39fbd8a elementor-widget elementor-widget-heading\" data-id=\"39fbd8a\" data-element_type=\"widget\" data-e-type=\"widget\" data-widget_type=\"heading.default\">\n\t\t\t\t<div class=\"elementor-widget-container\">\n\t\t\t\t\t<h3 class=\"elementor-heading-title elementor-size-default\">Og der er masser at lave for hele familien!<\/h3>\t\t\t\t<\/div>\n\t\t\t\t<\/div>\n\t\t\t\t<div class=\"elementor-element elementor-element-020f93a elementor-widget elementor-widget-text-editor\" data-id=\"020f93a\" data-element_type=\"widget\" data-e-type=\"widget\" data-widget_type=\"text-editor.default\">\n\t\t\t\t<div class=\"elementor-widget-container\">\n\t\t\t\t\t\t\t\t\t<p>Savoie har nogle fantastiske fiskesteder. Talrige fiskearter som gedde, regnbue\u00f8rred og s\u00f8\u00f8rred befolker vores s\u00f8er og floder. Hvis du vil k\u00f8be dit fiskekort, inden du kommer, kan du g\u00f8re det p\u00e5 forbundets hjemmeside p\u00e5 denne adresse.  <\/p>\n<p>Der er mange andre aktiviteter i Savoie: rafting, canyoning, Via Ferrata, sv\u00f8mning i de mange s\u00f8er i vores region, ridning og paragliding er blot nogle af de aktiviteter, der vil krydre din campingferie i Savoie.<\/p>\n<p>Vandring er fortsat den mest popul\u00e6re sportsaktivitet i Savoie. Tag hele familien med (selv sm\u00e5 b\u00f8rn) og oplev de overd\u00e5dige landskaber og bjergenes flora og fauna. Og hvad er bedre end at holde picnic ved en flod med en bjergk\u00e6de som baggrund?  <\/p>\n\t\t\t\t\t\t\t\t<\/div>\n\t\t\t\t<\/div>\n\t\t\t\t\t<\/div>\n\t\t\t\t<\/div>\n\t\t<div class=\"elementor-element elementor-element-fa61534 e-flex e-con-boxed e-con e-parent\" data-id=\"fa61534\" data-element_type=\"container\" data-e-type=\"container\">\n\t\t\t\t\t<div class=\"e-con-inner\">\n\t\t\t\t<div class=\"elementor-element elementor-element-6182d78 elementor-widget elementor-widget-image\" data-id=\"6182d78\" data-element_type=\"widget\" data-e-type=\"widget\" data-widget_type=\"image.default\">\n\t\t\t\t<div class=\"elementor-widget-container\">\n\t\t\t\t\t\t\t\t\t\t\t\t\t\t\t<img decoding=\"async\" width=\"1300\" height=\"600\" src=\"https:\/\/www.campinglacdecarouge.fr\/wp-content\/uploads\/2024\/09\/1539212314.jpeg\" class=\"attachment-2048x2048 size-2048x2048 wp-image-4479\" alt=\"Vue sur la place de l&#039;horloge \u00e0 Chamb\u00e9ry en Savoie\" srcset=\"https:\/\/www.campinglacdecarouge.fr\/wp-content\/uploads\/2024\/09\/1539212314.jpeg 1300w, https:\/\/www.campinglacdecarouge.fr\/wp-content\/uploads\/2024\/09\/1539212314-300x138.jpeg 300w, https:\/\/www.campinglacdecarouge.fr\/wp-content\/uploads\/2024\/09\/1539212314-1024x473.jpeg 1024w, https:\/\/www.campinglacdecarouge.fr\/wp-content\/uploads\/2024\/09\/1539212314-768x354.jpeg 768w\" sizes=\"(max-width: 1300px) 100vw, 1300px\" \/>\t\t\t\t\t\t\t\t\t\t\t\t\t\t\t<\/div>\n\t\t\t\t<\/div>\n\t\t\t\t<div class=\"elementor-element elementor-element-be99604 elementor-widget elementor-widget-image\" data-id=\"be99604\" data-element_type=\"widget\" data-e-type=\"widget\" data-widget_type=\"image.default\">\n\t\t\t\t<div class=\"elementor-widget-container\">\n\t\t\t\t\t\t\t\t\t\t\t\t\t\t\t<img loading=\"lazy\" decoding=\"async\" width=\"1024\" height=\"473\" src=\"https:\/\/www.campinglacdecarouge.fr\/wp-content\/uploads\/2024\/09\/1539212236-1024x473.jpeg\" class=\"attachment-large size-large wp-image-4455\" alt=\"Vue du Lac Saint Andr\u00e9 et des vignes en Combe de Savoie\" srcset=\"https:\/\/www.campinglacdecarouge.fr\/wp-content\/uploads\/2024\/09\/1539212236-1024x473.jpeg 1024w, https:\/\/www.campinglacdecarouge.fr\/wp-content\/uploads\/2024\/09\/1539212236-300x138.jpeg 300w, https:\/\/www.campinglacdecarouge.fr\/wp-content\/uploads\/2024\/09\/1539212236-768x354.jpeg 768w, https:\/\/www.campinglacdecarouge.fr\/wp-content\/uploads\/2024\/09\/1539212236.jpeg 1300w\" sizes=\"(max-width: 1024px) 100vw, 1024px\" \/>\t\t\t\t\t\t\t\t\t\t\t\t\t\t\t<\/div>\n\t\t\t\t<\/div>\n\t\t\t\t\t<\/div>\n\t\t\t\t<\/div>\n\t\t<div class=\"elementor-element elementor-element-338c7e7 e-flex e-con-boxed e-con e-parent\" data-id=\"338c7e7\" data-element_type=\"container\" data-e-type=\"container\">\n\t\t\t\t\t<div class=\"e-con-inner\">\n\t\t\t\t<div class=\"elementor-element elementor-element-ba7271d elementor-widget elementor-widget-heading\" data-id=\"ba7271d\" data-element_type=\"widget\" data-e-type=\"widget\" data-widget_type=\"heading.default\">\n\t\t\t\t<div class=\"elementor-widget-container\">\n\t\t\t\t\t<h3 class=\"elementor-heading-title elementor-size-default\">Og der er masser af steder at opdage...<\/h3>\t\t\t\t<\/div>\n\t\t\t\t<\/div>\n\t\t\t\t<div class=\"elementor-element elementor-element-5cf10aa elementor-widget elementor-widget-text-editor\" data-id=\"5cf10aa\" data-element_type=\"widget\" data-e-type=\"widget\" data-widget_type=\"text-editor.default\">\n\t\t\t\t<div class=\"elementor-widget-container\">\n\t\t\t\t\t\t\t\t\t<p>Du kan ogs\u00e5 opdage historiske steder som Ch\u00e2teau de Miolans i Saint-Pierre-d&#8217;Albigny, t\u00e5rnene i Chignin, katedralen i Myans og Hautecombe Abbey. Der er ogs\u00e5 mange andre steder at bes\u00f8ge i n\u00e6rheden af campingpladsen. Bare sp\u00f8rg i receptionen, s\u00e5 hj\u00e6lper vi gerne.  <\/p>\n\t\t\t\t\t\t\t\t<\/div>\n\t\t\t\t<\/div>\n\t\t\t\t<div class=\"elementor-element elementor-element-8752dd8 elementor-widget elementor-widget-text-editor\" data-id=\"8752dd8\" data-element_type=\"widget\" data-e-type=\"widget\" data-widget_type=\"text-editor.default\">\n\t\t\t\t<div class=\"elementor-widget-container\">\n\t\t\t\t\t\t\t\t\t<p>Hvis du elsker bjerge og storsl\u00e5et natur, er du ved foden af Bauges-massivet og ved indgangen til Tarentaise- og Maurienne-dalene. Endelig venter Mont Blanc-massivet p\u00e5 dig, med Chamonix mindre end en time og femten minutter fra campingpladsen. <\/p>\n<p>Bjergelskere vil v\u00e6re begejstrede: Du er ved foden af Bauges-massivet og ved indgangen til Tarentaise- og Maurienne-dalene. Endelig venter Mont Blanc-massivet p\u00e5 dig i Chamonix, mindre end halvanden time fra campingpladsen. <\/p>\n<p>F\u00e5 mest muligt ud af at leje en af vores hytter, Ecolodges eller mobilhomes i Savoie for at bes\u00f8ge vores smukke region. Glem ikke at tage et kig p\u00e5 vores store pladser til din campingferie. <\/p>\n\t\t\t\t\t\t\t\t<\/div>\n\t\t\t\t<\/div>\n\t\t\t\t\t<\/div>\n\t\t\t\t<\/div>\n\t\t\t\t<\/div>\n\t\t","protected":false},"excerpt":{"rendered":"<p>Smuk campingplads i Savoie mellem Chamb\u00e9ry og Albertville<\/p>\n","protected":false},"author":2,"featured_media":3789,"comment_status":"closed","ping_status":"closed","sticky":false,"template":"","format":"standard","meta":{"footnotes":""},"categories":[34],"tags":[],"class_list":["post-5056","post","type-post","status-publish","format-standard","has-post-thumbnail","hentry","category-non-classifiee-da"],"blocksy_meta":[],"yoast_head":"<!-- This site is optimized with the Yoast SEO Premium plugin v27.2 (Yoast SEO v27.2) - https:\/\/yoast.com\/product\/yoast-seo-premium-wordpress\/ -->\n<title>campingplads i Savoie - Camping du Lac de Carouge<\/title>\n<meta name=\"robots\" content=\"index, follow, max-snippet:-1, max-image-preview:large, max-video-preview:-1\" \/>\n<link rel=\"canonical\" href=\"https:\/\/www.campinglacdecarouge.fr\/da\/actualites\/campingplads-i-savoie\/\" \/>\n<meta property=\"og:locale\" content=\"da_DK\" \/>\n<meta property=\"og:type\" content=\"article\" \/>\n<meta property=\"og:title\" content=\"campingplads i Savoie\" \/>\n<meta property=\"og:description\" content=\"Smuk campingplads i Savoie mellem Chamb\u00e9ry og Albertville\" \/>\n<meta property=\"og:url\" content=\"https:\/\/www.campinglacdecarouge.fr\/da\/actualites\/campingplads-i-savoie\/\" \/>\n<meta property=\"og:site_name\" content=\"Camping du Lac de Carouge\" \/>\n<meta property=\"article:publisher\" content=\"https:\/\/www.facebook.com\/pagelacdecarouge\/\" \/>\n<meta property=\"article:published_time\" content=\"2024-10-15T16:39:59+00:00\" \/>\n<meta property=\"article:modified_time\" content=\"2024-10-15T20:13:47+00:00\" \/>\n<meta property=\"og:image\" content=\"https:\/\/www.campinglacdecarouge.fr\/wp-content\/uploads\/2024\/07\/20240624_110359-scaled.jpg\" \/>\n\t<meta property=\"og:image:width\" content=\"2560\" \/>\n\t<meta property=\"og:image:height\" content=\"1442\" \/>\n\t<meta property=\"og:image:type\" content=\"image\/jpeg\" \/>\n<meta name=\"author\" content=\"Yohann Rigollet\" \/>\n<meta name=\"twitter:card\" content=\"summary_large_image\" \/>\n<meta name=\"twitter:creator\" content=\"@lacdecarouge\" \/>\n<meta name=\"twitter:site\" content=\"@lacdecarouge\" \/>\n<meta name=\"twitter:label1\" content=\"Skrevet af\" \/>\n\t<meta name=\"twitter:data1\" content=\"Yohann Rigolet\" \/>\n\t<meta name=\"twitter:label2\" content=\"Estimeret l\u00e6setid\" \/>\n\t<meta name=\"twitter:data2\" content=\"2 minutter\" \/>\n<script type=\"application\/ld+json\" class=\"yoast-schema-graph\">{\"@context\":\"https:\/\/schema.org\",\"@graph\":[{\"@type\":\"Article\",\"@id\":\"https:\/\/www.campinglacdecarouge.fr\/da\/actualites\/campingplads-i-savoie\/#article\",\"isPartOf\":{\"@id\":\"https:\/\/www.campinglacdecarouge.fr\/da\/actualites\/campingplads-i-savoie\/\"},\"author\":{\"name\":\"Yohann Rigollet\",\"@id\":\"https:\/\/www.campinglacdecarouge.fr\/da\/#\/schema\/person\/5a19e8e704009cc11416e1ffcb689be7\"},\"headline\":\"campingplads i Savoie\",\"datePublished\":\"2024-10-15T16:39:59+00:00\",\"dateModified\":\"2024-10-15T20:13:47+00:00\",\"mainEntityOfPage\":{\"@id\":\"https:\/\/www.campinglacdecarouge.fr\/da\/actualites\/campingplads-i-savoie\/\"},\"wordCount\":438,\"publisher\":{\"@id\":\"https:\/\/www.campinglacdecarouge.fr\/da\/#organization\"},\"image\":{\"@id\":\"https:\/\/www.campinglacdecarouge.fr\/da\/actualites\/campingplads-i-savoie\/#primaryimage\"},\"thumbnailUrl\":\"https:\/\/www.campinglacdecarouge.fr\/wp-content\/uploads\/2024\/07\/20240624_110359-scaled.jpg\",\"articleSection\":[\"Non classifi\u00e9(e)\"],\"inLanguage\":\"da-DK\"},{\"@type\":\"WebPage\",\"@id\":\"https:\/\/www.campinglacdecarouge.fr\/da\/actualites\/campingplads-i-savoie\/\",\"url\":\"https:\/\/www.campinglacdecarouge.fr\/da\/actualites\/campingplads-i-savoie\/\",\"name\":\"campingplads i Savoie - Camping du Lac de Carouge\",\"isPartOf\":{\"@id\":\"https:\/\/www.campinglacdecarouge.fr\/da\/#website\"},\"primaryImageOfPage\":{\"@id\":\"https:\/\/www.campinglacdecarouge.fr\/da\/actualites\/campingplads-i-savoie\/#primaryimage\"},\"image\":{\"@id\":\"https:\/\/www.campinglacdecarouge.fr\/da\/actualites\/campingplads-i-savoie\/#primaryimage\"},\"thumbnailUrl\":\"https:\/\/www.campinglacdecarouge.fr\/wp-content\/uploads\/2024\/07\/20240624_110359-scaled.jpg\",\"datePublished\":\"2024-10-15T16:39:59+00:00\",\"dateModified\":\"2024-10-15T20:13:47+00:00\",\"breadcrumb\":{\"@id\":\"https:\/\/www.campinglacdecarouge.fr\/da\/actualites\/campingplads-i-savoie\/#breadcrumb\"},\"inLanguage\":\"da-DK\",\"potentialAction\":[{\"@type\":\"ReadAction\",\"target\":[\"https:\/\/www.campinglacdecarouge.fr\/da\/actualites\/campingplads-i-savoie\/\"]}]},{\"@type\":\"ImageObject\",\"inLanguage\":\"da-DK\",\"@id\":\"https:\/\/www.campinglacdecarouge.fr\/da\/actualites\/campingplads-i-savoie\/#primaryimage\",\"url\":\"https:\/\/www.campinglacdecarouge.fr\/wp-content\/uploads\/2024\/07\/20240624_110359-scaled.jpg\",\"contentUrl\":\"https:\/\/www.campinglacdecarouge.fr\/wp-content\/uploads\/2024\/07\/20240624_110359-scaled.jpg\",\"width\":2560,\"height\":1442,\"caption\":\"Camping en Savoie\"},{\"@type\":\"BreadcrumbList\",\"@id\":\"https:\/\/www.campinglacdecarouge.fr\/da\/actualites\/campingplads-i-savoie\/#breadcrumb\",\"itemListElement\":[{\"@type\":\"ListItem\",\"position\":1,\"name\":\"Accueil\",\"item\":\"https:\/\/www.campinglacdecarouge.fr\/da\/startside-2\/\"},{\"@type\":\"ListItem\",\"position\":2,\"name\":\"campingplads i Savoie\"}]},{\"@type\":\"WebSite\",\"@id\":\"https:\/\/www.campinglacdecarouge.fr\/da\/#website\",\"url\":\"https:\/\/www.campinglacdecarouge.fr\/da\/\",\"name\":\"Camping du Lac de Carouge\",\"description\":\"Hjemmeside for campingpladsen Lac de Carouge i Savoie\",\"publisher\":{\"@id\":\"https:\/\/www.campinglacdecarouge.fr\/da\/#organization\"},\"potentialAction\":[{\"@type\":\"SearchAction\",\"target\":{\"@type\":\"EntryPoint\",\"urlTemplate\":\"https:\/\/www.campinglacdecarouge.fr\/da\/?s={search_term_string}\"},\"query-input\":{\"@type\":\"PropertyValueSpecification\",\"valueRequired\":true,\"valueName\":\"search_term_string\"}}],\"inLanguage\":\"da-DK\"},{\"@type\":\"Organization\",\"@id\":\"https:\/\/www.campinglacdecarouge.fr\/da\/#organization\",\"name\":\"Camping du Lac de Carouge\",\"url\":\"https:\/\/www.campinglacdecarouge.fr\/da\/\",\"logo\":{\"@type\":\"ImageObject\",\"inLanguage\":\"da-DK\",\"@id\":\"https:\/\/www.campinglacdecarouge.fr\/da\/#\/schema\/logo\/image\/\",\"url\":\"https:\/\/www.campinglacdecarouge.fr\/wp-content\/uploads\/2024\/07\/logo-1.png\",\"contentUrl\":\"https:\/\/www.campinglacdecarouge.fr\/wp-content\/uploads\/2024\/07\/logo-1.png\",\"width\":530,\"height\":270,\"caption\":\"Camping du Lac de Carouge\"},\"image\":{\"@id\":\"https:\/\/www.campinglacdecarouge.fr\/da\/#\/schema\/logo\/image\/\"},\"sameAs\":[\"https:\/\/www.facebook.com\/pagelacdecarouge\/\",\"https:\/\/x.com\/lacdecarouge\",\"https:\/\/www.instagram.com\/lacdecarouge\/\"],\"legalName\":\"SAS SELYV\",\"foundingDate\":\"2009-01-01\",\"numberOfEmployees\":{\"@type\":\"QuantitativeValue\",\"minValue\":\"1\",\"maxValue\":\"10\"},\"publishingPrinciples\":\"https:\/\/www.campinglacdecarouge.fr\/principes-editoriaux\/\",\"correctionsPolicy\":\"https:\/\/www.campinglacdecarouge.fr\/politique-de-correction-editoriale-camping-du-lac-de-carouge\/\",\"ethicsPolicy\":\"https:\/\/www.campinglacdecarouge.fr\/standards-de-comportement-camping-du-lac-de-carouge\/\",\"diversityPolicy\":\"https:\/\/www.campinglacdecarouge.fr\/politique-de-diversite-pour-le-contenu-editorial\/\"},{\"@type\":\"Person\",\"@id\":\"https:\/\/www.campinglacdecarouge.fr\/da\/#\/schema\/person\/5a19e8e704009cc11416e1ffcb689be7\",\"name\":\"Yohann Rigollet\",\"image\":{\"@type\":\"ImageObject\",\"inLanguage\":\"da-DK\",\"@id\":\"https:\/\/secure.gravatar.com\/avatar\/159d2c9ca15aeac02d9cefb209ec3c2da323a19c1bd197fc693537aeb27b0ba9?s=96&d=mm&r=g\",\"url\":\"https:\/\/secure.gravatar.com\/avatar\/159d2c9ca15aeac02d9cefb209ec3c2da323a19c1bd197fc693537aeb27b0ba9?s=96&d=mm&r=g\",\"contentUrl\":\"https:\/\/secure.gravatar.com\/avatar\/159d2c9ca15aeac02d9cefb209ec3c2da323a19c1bd197fc693537aeb27b0ba9?s=96&d=mm&r=g\",\"caption\":\"Yohann Rigollet\"},\"knowsLanguage\":[\"Anglais\",\"Fran\u00e7ais\",\"Allemand\"],\"url\":\"https:\/\/www.campinglacdecarouge.fr\/da\/actualites\/author\/yohann\/\"}]}<\/script>\n<!-- \/ Yoast SEO Premium plugin. -->","yoast_head_json":{"title":"campingplads i Savoie - Camping du Lac de Carouge","robots":{"index":"index","follow":"follow","max-snippet":"max-snippet:-1","max-image-preview":"max-image-preview:large","max-video-preview":"max-video-preview:-1"},"canonical":"https:\/\/www.campinglacdecarouge.fr\/da\/actualites\/campingplads-i-savoie\/","og_locale":"da_DK","og_type":"article","og_title":"campingplads i Savoie","og_description":"Smuk campingplads i Savoie mellem Chamb\u00e9ry og Albertville","og_url":"https:\/\/www.campinglacdecarouge.fr\/da\/actualites\/campingplads-i-savoie\/","og_site_name":"Camping du Lac de Carouge","article_publisher":"https:\/\/www.facebook.com\/pagelacdecarouge\/","article_published_time":"2024-10-15T16:39:59+00:00","article_modified_time":"2024-10-15T20:13:47+00:00","og_image":[{"width":2560,"height":1442,"url":"https:\/\/www.campinglacdecarouge.fr\/wp-content\/uploads\/2024\/07\/20240624_110359-scaled.jpg","type":"image\/jpeg"}],"author":"Yohann Rigollet","twitter_card":"summary_large_image","twitter_creator":"@lacdecarouge","twitter_site":"@lacdecarouge","twitter_misc":{"Skrevet af":"Yohann Rigolet","Estimeret l\u00e6setid":"2 minutter"},"schema":{"@context":"https:\/\/schema.org","@graph":[{"@type":"Article","@id":"https:\/\/www.campinglacdecarouge.fr\/da\/actualites\/campingplads-i-savoie\/#article","isPartOf":{"@id":"https:\/\/www.campinglacdecarouge.fr\/da\/actualites\/campingplads-i-savoie\/"},"author":{"name":"Yohann Rigollet","@id":"https:\/\/www.campinglacdecarouge.fr\/da\/#\/schema\/person\/5a19e8e704009cc11416e1ffcb689be7"},"headline":"campingplads i Savoie","datePublished":"2024-10-15T16:39:59+00:00","dateModified":"2024-10-15T20:13:47+00:00","mainEntityOfPage":{"@id":"https:\/\/www.campinglacdecarouge.fr\/da\/actualites\/campingplads-i-savoie\/"},"wordCount":438,"publisher":{"@id":"https:\/\/www.campinglacdecarouge.fr\/da\/#organization"},"image":{"@id":"https:\/\/www.campinglacdecarouge.fr\/da\/actualites\/campingplads-i-savoie\/#primaryimage"},"thumbnailUrl":"https:\/\/www.campinglacdecarouge.fr\/wp-content\/uploads\/2024\/07\/20240624_110359-scaled.jpg","articleSection":["Non classifi\u00e9(e)"],"inLanguage":"da-DK"},{"@type":"WebPage","@id":"https:\/\/www.campinglacdecarouge.fr\/da\/actualites\/campingplads-i-savoie\/","url":"https:\/\/www.campinglacdecarouge.fr\/da\/actualites\/campingplads-i-savoie\/","name":"campingplads i Savoie - Camping du Lac de Carouge","isPartOf":{"@id":"https:\/\/www.campinglacdecarouge.fr\/da\/#website"},"primaryImageOfPage":{"@id":"https:\/\/www.campinglacdecarouge.fr\/da\/actualites\/campingplads-i-savoie\/#primaryimage"},"image":{"@id":"https:\/\/www.campinglacdecarouge.fr\/da\/actualites\/campingplads-i-savoie\/#primaryimage"},"thumbnailUrl":"https:\/\/www.campinglacdecarouge.fr\/wp-content\/uploads\/2024\/07\/20240624_110359-scaled.jpg","datePublished":"2024-10-15T16:39:59+00:00","dateModified":"2024-10-15T20:13:47+00:00","breadcrumb":{"@id":"https:\/\/www.campinglacdecarouge.fr\/da\/actualites\/campingplads-i-savoie\/#breadcrumb"},"inLanguage":"da-DK","potentialAction":[{"@type":"ReadAction","target":["https:\/\/www.campinglacdecarouge.fr\/da\/actualites\/campingplads-i-savoie\/"]}]},{"@type":"ImageObject","inLanguage":"da-DK","@id":"https:\/\/www.campinglacdecarouge.fr\/da\/actualites\/campingplads-i-savoie\/#primaryimage","url":"https:\/\/www.campinglacdecarouge.fr\/wp-content\/uploads\/2024\/07\/20240624_110359-scaled.jpg","contentUrl":"https:\/\/www.campinglacdecarouge.fr\/wp-content\/uploads\/2024\/07\/20240624_110359-scaled.jpg","width":2560,"height":1442,"caption":"Camping en Savoie"},{"@type":"BreadcrumbList","@id":"https:\/\/www.campinglacdecarouge.fr\/da\/actualites\/campingplads-i-savoie\/#breadcrumb","itemListElement":[{"@type":"ListItem","position":1,"name":"Accueil","item":"https:\/\/www.campinglacdecarouge.fr\/da\/startside-2\/"},{"@type":"ListItem","position":2,"name":"campingplads i Savoie"}]},{"@type":"WebSite","@id":"https:\/\/www.campinglacdecarouge.fr\/da\/#website","url":"https:\/\/www.campinglacdecarouge.fr\/da\/","name":"Camping du Lac de Carouge","description":"Hjemmeside for campingpladsen Lac de Carouge i Savoie","publisher":{"@id":"https:\/\/www.campinglacdecarouge.fr\/da\/#organization"},"potentialAction":[{"@type":"SearchAction","target":{"@type":"EntryPoint","urlTemplate":"https:\/\/www.campinglacdecarouge.fr\/da\/?s={search_term_string}"},"query-input":{"@type":"PropertyValueSpecification","valueRequired":true,"valueName":"search_term_string"}}],"inLanguage":"da-DK"},{"@type":"Organization","@id":"https:\/\/www.campinglacdecarouge.fr\/da\/#organization","name":"Camping du Lac de Carouge","url":"https:\/\/www.campinglacdecarouge.fr\/da\/","logo":{"@type":"ImageObject","inLanguage":"da-DK","@id":"https:\/\/www.campinglacdecarouge.fr\/da\/#\/schema\/logo\/image\/","url":"https:\/\/www.campinglacdecarouge.fr\/wp-content\/uploads\/2024\/07\/logo-1.png","contentUrl":"https:\/\/www.campinglacdecarouge.fr\/wp-content\/uploads\/2024\/07\/logo-1.png","width":530,"height":270,"caption":"Camping du Lac de Carouge"},"image":{"@id":"https:\/\/www.campinglacdecarouge.fr\/da\/#\/schema\/logo\/image\/"},"sameAs":["https:\/\/www.facebook.com\/pagelacdecarouge\/","https:\/\/x.com\/lacdecarouge","https:\/\/www.instagram.com\/lacdecarouge\/"],"legalName":"SAS SELYV","foundingDate":"2009-01-01","numberOfEmployees":{"@type":"QuantitativeValue","minValue":"1","maxValue":"10"},"publishingPrinciples":"https:\/\/www.campinglacdecarouge.fr\/principes-editoriaux\/","correctionsPolicy":"https:\/\/www.campinglacdecarouge.fr\/politique-de-correction-editoriale-camping-du-lac-de-carouge\/","ethicsPolicy":"https:\/\/www.campinglacdecarouge.fr\/standards-de-comportement-camping-du-lac-de-carouge\/","diversityPolicy":"https:\/\/www.campinglacdecarouge.fr\/politique-de-diversite-pour-le-contenu-editorial\/"},{"@type":"Person","@id":"https:\/\/www.campinglacdecarouge.fr\/da\/#\/schema\/person\/5a19e8e704009cc11416e1ffcb689be7","name":"Yohann Rigollet","image":{"@type":"ImageObject","inLanguage":"da-DK","@id":"https:\/\/secure.gravatar.com\/avatar\/159d2c9ca15aeac02d9cefb209ec3c2da323a19c1bd197fc693537aeb27b0ba9?s=96&d=mm&r=g","url":"https:\/\/secure.gravatar.com\/avatar\/159d2c9ca15aeac02d9cefb209ec3c2da323a19c1bd197fc693537aeb27b0ba9?s=96&d=mm&r=g","contentUrl":"https:\/\/secure.gravatar.com\/avatar\/159d2c9ca15aeac02d9cefb209ec3c2da323a19c1bd197fc693537aeb27b0ba9?s=96&d=mm&r=g","caption":"Yohann Rigollet"},"knowsLanguage":["Anglais","Fran\u00e7ais","Allemand"],"url":"https:\/\/www.campinglacdecarouge.fr\/da\/actualites\/author\/yohann\/"}]}},"_links":{"self":[{"href":"https:\/\/www.campinglacdecarouge.fr\/da\/wp-json\/wp\/v2\/posts\/5056","targetHints":{"allow":["GET"]}}],"collection":[{"href":"https:\/\/www.campinglacdecarouge.fr\/da\/wp-json\/wp\/v2\/posts"}],"about":[{"href":"https:\/\/www.campinglacdecarouge.fr\/da\/wp-json\/wp\/v2\/types\/post"}],"author":[{"embeddable":true,"href":"https:\/\/www.campinglacdecarouge.fr\/da\/wp-json\/wp\/v2\/users\/2"}],"replies":[{"embeddable":true,"href":"https:\/\/www.campinglacdecarouge.fr\/da\/wp-json\/wp\/v2\/comments?post=5056"}],"version-history":[{"count":0,"href":"https:\/\/www.campinglacdecarouge.fr\/da\/wp-json\/wp\/v2\/posts\/5056\/revisions"}],"wp:featuredmedia":[{"embeddable":true,"href":"https:\/\/www.campinglacdecarouge.fr\/da\/wp-json\/wp\/v2\/media\/3789"}],"wp:attachment":[{"href":"https:\/\/www.campinglacdecarouge.fr\/da\/wp-json\/wp\/v2\/media?parent=5056"}],"wp:term":[{"taxonomy":"category","embeddable":true,"href":"https:\/\/www.campinglacdecarouge.fr\/da\/wp-json\/wp\/v2\/categories?post=5056"},{"taxonomy":"post_tag","embeddable":true,"href":"https:\/\/www.campinglacdecarouge.fr\/da\/wp-json\/wp\/v2\/tags?post=5056"}],"curies":[{"name":"wp","href":"https:\/\/api.w.org\/{rel}","templated":true}]}}